{"id":52,"date":"2019-08-30T00:00:00","date_gmt":"2019-08-30T00:00:00","guid":{"rendered":"https:\/\/bbidistributions.com\/2022\/03\/24\/crecendo-expo-bali-bali-nina-bernie-mev-et-steve-madden-au-salon-de-la-chaussure\/"},"modified":"2022-03-25T17:00:58","modified_gmt":"2022-03-25T16:00:58","slug":"crecendo-expo-bali-bali-nina-bernie-mev-et-steve-madden-au-salon-de-la-chaussure","status":"publish","type":"post","link":"https:\/\/www.bbidistributions.com\/it\/crecendo-expo-bali-bali-nina-bernie-mev-et-steve-madden-au-salon-de-la-chaussure\/","title":{"rendered":"Crecendo Expo: Bali-Bali, Nina, Bernie Mev e Steve Madden alla fiera delle calzature..."},"content":{"rendered":"<p id=\"viewer-foo\" class=\"mm8Nw _1j-51 iWv3d _1FoOD _3M0Fe aujbK iWv3d public-DraftStyleDefault-block-depth0 fixed-tab-size public-DraftStyleDefault-text-ltr\"><span class=\"_2PHJq public-DraftStyleDefault-ltr\">Per l'edizione 2019 della fiera <strong>Chi \u00e8 il prossimo<\/strong> A Parigi, BBI Distributions presenter\u00e0 la nuova collezione primavera-estate 2020 dell'iconico marchio americano di calzature. <strong>Steve Madden<\/strong>.<\/span><\/p>\n<div data-hook=\"rcv-block2\">\n<div id='gallery-1' class='gallery galleryid-52 gallery-columns-3 gallery-size-large'><figure class='gallery-item'>\n\t\t\t<div class='gallery-icon portrait'>\n\t\t\t\t<a href='https:\/\/mlkclyg2kwdc.i.optimole.com\/w:auto\/h:auto\/q:mauto\/g:sm\/f:best\/ig:avif\/https:\/\/www.bbidistributions.com\/wp-content\/uploads\/2019\/08\/bbidsitributions-steve-madden-1.jpg'><img data-opt-id=394691454  fetchpriority=\"high\" decoding=\"async\" width=\"800\" height=\"1000\" src=\"https:\/\/mlkclyg2kwdc.i.optimole.com\/w:819\/h:1024\/q:mauto\/g:sm\/f:best\/ig:avif\/https:\/\/www.bbidistributions.com\/wp-content\/uploads\/2019\/08\/bbidsitributions-steve-madden-1.jpg\" class=\"attachment-large size-large\" alt=\"\" srcset=\"https:\/\/mlkclyg2kwdc.i.optimole.com\/w:819\/h:1024\/q:mauto\/g:sm\/f:best\/ig:avif\/https:\/\/www.bbidistributions.com\/wp-content\/uploads\/2019\/08\/bbidsitributions-steve-madden-1.jpg 819w, https:\/\/mlkclyg2kwdc.i.optimole.com\/w:240\/h:300\/q:mauto\/g:sm\/f:best\/ig:avif\/https:\/\/www.bbidistributions.com\/wp-content\/uploads\/2019\/08\/bbidsitributions-steve-madden-1.jpg 240w, https:\/\/mlkclyg2kwdc.i.optimole.com\/w:768\/h:960\/q:mauto\/g:sm\/f:best\/ig:avif\/https:\/\/www.bbidistributions.com\/wp-content\/uploads\/2019\/08\/bbidsitributions-steve-madden-1.jpg 768w, https:\/\/mlkclyg2kwdc.i.optimole.com\/w:864\/h:1080\/q:mauto\/g:sm\/f:best\/ig:avif\/https:\/\/www.bbidistributions.com\/wp-content\/uploads\/2019\/08\/bbidsitributions-steve-madden-1.jpg 1229w, https:\/\/mlkclyg2kwdc.i.optimole.com\/w:10\/h:12\/q:mauto\/g:sm\/f:best\/ig:avif\/dpr:2\/https:\/\/www.bbidistributions.com\/wp-content\/uploads\/2019\/08\/bbidsitributions-steve-madden-1.jpg 10w, https:\/\/mlkclyg2kwdc.i.optimole.com\/w:864\/h:1080\/q:mauto\/g:sm\/f:best\/ig:avif\/https:\/\/www.bbidistributions.com\/wp-content\/uploads\/2019\/08\/bbidsitributions-steve-madden-1.jpg 1321w\" sizes=\"(max-width: 800px) 100vw, 800px\" \/><\/a>\n\t\t\t<\/div><\/figure><figure class='gallery-item'>\n\t\t\t<div class='gallery-icon landscape'>\n\t\t\t\t<a href='https:\/\/mlkclyg2kwdc.i.optimole.com\/w:auto\/h:auto\/q:mauto\/g:sm\/f:best\/ig:avif\/https:\/\/www.bbidistributions.com\/wp-content\/uploads\/2019\/08\/bbidsitributions-steve-madden-2.jpg'><img data-opt-id=1913333999  fetchpriority=\"high\" decoding=\"async\" width=\"800\" height=\"534\" src=\"https:\/\/mlkclyg2kwdc.i.optimole.com\/w:1024\/h:683\/q:mauto\/g:sm\/f:best\/ig:avif\/https:\/\/www.bbidistributions.com\/wp-content\/uploads\/2019\/08\/bbidsitributions-steve-madden-2.jpg\" class=\"attachment-large size-large\" alt=\"\" srcset=\"https:\/\/mlkclyg2kwdc.i.optimole.com\/w:1024\/h:683\/q:mauto\/g:sm\/f:best\/ig:avif\/https:\/\/www.bbidistributions.com\/wp-content\/uploads\/2019\/08\/bbidsitributions-steve-madden-2.jpg 1024w, https:\/\/mlkclyg2kwdc.i.optimole.com\/w:300\/h:200\/q:mauto\/g:sm\/f:best\/ig:avif\/https:\/\/www.bbidistributions.com\/wp-content\/uploads\/2019\/08\/bbidsitributions-steve-madden-2.jpg 300w, https:\/\/mlkclyg2kwdc.i.optimole.com\/w:768\/h:512\/q:mauto\/g:sm\/f:best\/ig:avif\/https:\/\/www.bbidistributions.com\/wp-content\/uploads\/2019\/08\/bbidsitributions-steve-madden-2.jpg 768w, https:\/\/mlkclyg2kwdc.i.optimole.com\/w:1536\/h:1024\/q:mauto\/g:sm\/f:best\/ig:avif\/https:\/\/www.bbidistributions.com\/wp-content\/uploads\/2019\/08\/bbidsitributions-steve-madden-2.jpg 1536w, https:\/\/mlkclyg2kwdc.i.optimole.com\/w:18\/h:12\/q:mauto\/g:sm\/f:best\/ig:avif\/dpr:2\/https:\/\/www.bbidistributions.com\/wp-content\/uploads\/2019\/08\/bbidsitributions-steve-madden-2.jpg 18w, https:\/\/mlkclyg2kwdc.i.optimole.com\/w:1619\/h:1080\/q:mauto\/g:sm\/f:best\/ig:avif\/https:\/\/www.bbidistributions.com\/wp-content\/uploads\/2019\/08\/bbidsitributions-steve-madden-2.jpg 1981w\" sizes=\"(max-width: 800px) 100vw, 800px\" \/><\/a>\n\t\t\t<\/div><\/figure><figure class='gallery-item'>\n\t\t\t<div class='gallery-icon portrait'>\n\t\t\t\t<a href='https:\/\/mlkclyg2kwdc.i.optimole.com\/w:auto\/h:auto\/q:mauto\/g:sm\/f:best\/ig:avif\/https:\/\/www.bbidistributions.com\/wp-content\/uploads\/2019\/08\/bbidsitributions-steve-madden-3.jpg'><img data-opt-id=382130859  fetchpriority=\"high\" decoding=\"async\" width=\"800\" height=\"1000\" src=\"https:\/\/mlkclyg2kwdc.i.optimole.com\/w:819\/h:1024\/q:mauto\/g:sm\/f:best\/ig:avif\/https:\/\/www.bbidistributions.com\/wp-content\/uploads\/2019\/08\/bbidsitributions-steve-madden-3.jpg\" class=\"attachment-large size-large\" alt=\"\" srcset=\"https:\/\/mlkclyg2kwdc.i.optimole.com\/w:819\/h:1024\/q:mauto\/g:sm\/f:best\/ig:avif\/https:\/\/www.bbidistributions.com\/wp-content\/uploads\/2019\/08\/bbidsitributions-steve-madden-3.jpg 819w, https:\/\/mlkclyg2kwdc.i.optimole.com\/w:240\/h:300\/q:mauto\/g:sm\/f:best\/ig:avif\/https:\/\/www.bbidistributions.com\/wp-content\/uploads\/2019\/08\/bbidsitributions-steve-madden-3.jpg 240w, https:\/\/mlkclyg2kwdc.i.optimole.com\/w:768\/h:960\/q:mauto\/g:sm\/f:best\/ig:avif\/https:\/\/www.bbidistributions.com\/wp-content\/uploads\/2019\/08\/bbidsitributions-steve-madden-3.jpg 768w, https:\/\/mlkclyg2kwdc.i.optimole.com\/w:864\/h:1080\/q:mauto\/g:sm\/f:best\/ig:avif\/https:\/\/www.bbidistributions.com\/wp-content\/uploads\/2019\/08\/bbidsitributions-steve-madden-3.jpg 1229w, https:\/\/mlkclyg2kwdc.i.optimole.com\/w:10\/h:12\/q:mauto\/g:sm\/f:best\/ig:avif\/dpr:2\/https:\/\/www.bbidistributions.com\/wp-content\/uploads\/2019\/08\/bbidsitributions-steve-madden-3.jpg 10w, https:\/\/mlkclyg2kwdc.i.optimole.com\/w:864\/h:1080\/q:mauto\/g:sm\/f:best\/ig:avif\/https:\/\/www.bbidistributions.com\/wp-content\/uploads\/2019\/08\/bbidsitributions-steve-madden-3.jpg 1321w\" sizes=\"(max-width: 800px) 100vw, 800px\" \/><\/a>\n\t\t\t<\/div><\/figure>\n\t\t<\/div>\n\n<\/div>\n<p id=\"viewer-gd3e\" class=\"mm8Nw _1j-51 iWv3d _1FoOD _1oG79 ykIOg iWv3d public-DraftStyleDefault-block-depth0 fixed-tab-size public-DraftStyleDefault-text-ltr\"><span class=\"_2PHJq public-DraftStyleDefault-ltr\"><em>Collezione primavera-estate 2020, Steve Madden\u00ae, Steve Madden<\/em><\/span><\/p>\n<p id=\"viewer-17inr\" class=\"mm8Nw _1j-51 iWv3d _1FoOD _3M0Fe aujbK iWv3d public-DraftStyleDefault-block-depth0 fixed-tab-size public-DraftStyleDefault-text-ltr\"><span class=\"_2PHJq public-DraftStyleDefault-ltr\"><strong>Che cos'\u00e8 Who's Next?<\/strong><\/span><\/p>\n<p id=\"viewer-c6f54\" class=\"mm8Nw _1j-51 iWv3d _1FoOD _3M0Fe aujbK iWv3d public-DraftStyleDefault-block-depth0 fixed-tab-size public-DraftStyleDefault-text-ltr\"><span class=\"_2PHJq public-DraftStyleDefault-ltr\">Who's Next si svolge due volte l'anno a Parigi, riunendo professionisti del pr\u00eat-\u00e0-porter di tutto il mondo per presentare le ultime collezioni. L'edizione 2019 di Who's Next si svolge dal 6 al 9 settembre al Paris Expo Porte de Versailles.<\/span><\/p>\n<p id=\"viewer-3qm0q\" class=\"mm8Nw _1j-51 iWv3d _1FoOD _3M0Fe aujbK iWv3d public-DraftStyleDefault-block-depth0 fixed-tab-size public-DraftStyleDefault-text-ltr\"><span class=\"_2PHJq public-DraftStyleDefault-ltr\"><strong>Dove trovare Steve Madden presso Who's Next?<\/strong><\/span><\/p>\n<p id=\"viewer-7k2b8\" class=\"mm8Nw _1j-51 iWv3d _1FoOD _3M0Fe aujbK iWv3d public-DraftStyleDefault-block-depth0 fixed-tab-size public-DraftStyleDefault-text-ltr\"><span class=\"_2PHJq public-DraftStyleDefault-ltr\">Al Who's Next, il marchio Steve Madden presentato da BBI Distributions sar\u00e0 presente nel padiglione 1, stand V10.<\/span><\/p>\n<p id=\"viewer-c3a1e\" class=\"mm8Nw _1j-51 iWv3d _1FoOD _3M0Fe aujbK iWv3d public-DraftStyleDefault-block-depth0 fixed-tab-size public-DraftStyleDefault-text-ltr\"><span class=\"_2PHJq public-DraftStyleDefault-ltr\"><strong>Come si arriva a Who's Next?<\/strong><\/span><\/p>\n<p id=\"viewer-cpu5c\" class=\"mm8Nw _1j-51 iWv3d _1FoOD _3M0Fe aujbK iWv3d public-DraftStyleDefault-block-depth0 fixed-tab-size public-DraftStyleDefault-text-ltr\"><span class=\"_2PHJq public-DraftStyleDefault-ltr\">Metro: Linea 12, stazione Porte de Versailles<\/span><\/p>\n<p id=\"viewer-qdp7\" class=\"mm8Nw _1j-51 iWv3d _1FoOD _3M0Fe aujbK iWv3d public-DraftStyleDefault-block-depth0 fixed-tab-size public-DraftStyleDefault-text-ltr\"><span class=\"_2PHJq public-DraftStyleDefault-ltr\">Autobus: Linee 39 - 49 - PC1 - 80, Stazione Porte de Versailles<\/span><\/p>\n<p id=\"viewer-9egsr\" class=\"mm8Nw _1j-51 iWv3d _1FoOD _3M0Fe aujbK iWv3d public-DraftStyleDefault-block-depth0 fixed-tab-size public-DraftStyleDefault-text-ltr\"><span class=\"_2PHJq public-DraftStyleDefault-ltr\">Tram: linee T2 e T3, stazione di Porte de Versailles<\/span><\/p>\n<p id=\"viewer-adc33\" class=\"mm8Nw _1j-51 iWv3d _1FoOD _3M0Fe aujbK iWv3d public-DraftStyleDefault-block-depth0 fixed-tab-size public-DraftStyleDefault-text-ltr\"><span class=\"_2PHJq public-DraftStyleDefault-ltr\">Il vostro itinerario : <a class=\"_3Bkfb _1lsz7\" href=\"https:\/\/ratp.fr\/\" target=\"_blank\" rel=\"noopener noreferrer nofollow\" data-hook=\"linkViewer\"><u class=\"_3zM-5\">www.rapt.fr<\/u><\/a><\/span><\/p>\n<p id=\"viewer-aj1p8\" class=\"mm8Nw _1j-51 iWv3d _1FoOD _3M0Fe aujbK iWv3d public-DraftStyleDefault-block-depth0 fixed-tab-size public-DraftStyleDefault-text-ltr\"><span class=\"_2PHJq public-DraftStyleDefault-ltr\">Taxi: Fermata\/ritiro di fronte al Palais des Sports: Place de la Porte de Versailles - 75015 Paris<\/span><\/p>\n<p id=\"viewer-dunh1\" class=\"mm8Nw _1j-51 iWv3d _1FoOD _3M0Fe aujbK iWv3d public-DraftStyleDefault-block-depth0 fixed-tab-size public-DraftStyleDefault-text-ltr\"><span class=\"_2PHJq public-DraftStyleDefault-ltr\">In auto: Per il padiglione 1: parcheggio 1 (P1) Per il padiglione 2.2: parcheggio 7 (P7) Limite di altezza: 1,90 m max.<\/span><\/p>\n<p id=\"viewer-4h1bp\" class=\"mm8Nw _1j-51 iWv3d _1FoOD _3M0Fe aujbK iWv3d public-DraftStyleDefault-block-depth0 fixed-tab-size public-DraftStyleDefault-text-ltr\"><span class=\"_2PHJq public-DraftStyleDefault-ltr\"><strong>Come posso ricevere un invito a Who's Next?<\/strong><\/span><\/p>\n<p id=\"viewer-5tlcv\" class=\"mm8Nw _1j-51 iWv3d _1FoOD _3M0Fe aujbK iWv3d public-DraftStyleDefault-block-depth0 fixed-tab-size public-DraftStyleDefault-text-ltr\"><span class=\"_2PHJq public-DraftStyleDefault-ltr\">Per ottenere un invito o maggiori informazioni sulla mostra Who \"s Next, contattare BBI Distributions all'indirizzo e-mail <a class=\"_3Bkfb _1lsz7\" href=\"mailto:m.philippon@stevemadden.eu\" target=\"_top\" rel=\"noopener noreferrer\" data-hook=\"linkViewer\"><u class=\"_3zM-5\">m.philippon@stevemadden.eu<\/u><\/a> o al telefono +33 4 91 71 23 29.<\/span><\/p>","protected":false},"excerpt":{"rendered":"<p>All'edizione 2019 della fiera Who's Next di Parigi, BBI Distributions presenter\u00e0 la nuova collezione Primavera-Estate 2020 dell'iconico marchio americano di calzature Steve Madden. Collezione primavera-estate 2020, Steve Madden\u00ae Cos'\u00e8 Who's Next? La fiera Who's Next si tiene due volte l'anno a Parigi e [...].<\/p>","protected":false},"author":1,"featured_media":107,"comment_status":"open","ping_status":"open","sticky":false,"template":"","format":"standard","meta":{"footnotes":""},"categories":[1],"tags":[],"class_list":["post-52","post","type-post","status-publish","format-standard","has-post-thumbnail","hentry","category-uncategorized"],"yoast_head":"<!-- This site is optimized with the Yoast SEO plugin v27.5 - https:\/\/yoast.com\/product\/yoast-seo-wordpress\/ -->\n<title>Crecendo Expo : Bali-Bali, Nina, Bernie Mev et Steve Madden au salon de la chaussure... - BBI Distributions<\/title>\n<meta name=\"robots\" content=\"index, follow, max-snippet:-1, max-image-preview:large, max-video-preview:-1\" \/>\n<link rel=\"canonical\" href=\"https:\/\/www.bbidistributions.com\/it\/crecendo-expo-bali-bali-nina-bernie-mev-et-steve-madden-au-salon-de-la-chaussure\/\" \/>\n<meta property=\"og:locale\" content=\"it_IT\" \/>\n<meta property=\"og:type\" content=\"article\" \/>\n<meta property=\"og:title\" content=\"Crecendo Expo : Bali-Bali, Nina, Bernie Mev et Steve Madden au salon de la chaussure... - BBI Distributions\" \/>\n<meta property=\"og:description\" content=\"A l&rsquo;occasion de l&rsquo;\u00e9dition 2019 du salon professionnel Who&rsquo;s Next \u00e0 Paris, l&rsquo;entreprise BBI Distributions pr\u00e9sentera la nouvelle collection Printemps-\u00c9t\u00e9 2020 de l&#8217;embl\u00e9matique marque de chaussures am\u00e9ricaines Steve Madden. Collection Printemps-\u00c9t\u00e9 2020, Steve Madden\u00ae Qu&rsquo;est ce que le salon Who&rsquo;s Next ? Le salon Who&rsquo;s Next a lieu deux fois par an \u00e0 Paris et [&hellip;]\" \/>\n<meta property=\"og:url\" content=\"https:\/\/www.bbidistributions.com\/it\/crecendo-expo-bali-bali-nina-bernie-mev-et-steve-madden-au-salon-de-la-chaussure\/\" \/>\n<meta property=\"og:site_name\" content=\"BBI Distributions\" \/>\n<meta property=\"article:published_time\" content=\"2019-08-30T00:00:00+00:00\" \/>\n<meta property=\"article:modified_time\" content=\"2022-03-25T16:00:58+00:00\" \/>\n<meta property=\"og:image\" content=\"https:\/\/mlkclyg2kwdc.i.optimole.com\/w:auto\/h:auto\/q:mauto\/g:sm\/f:best\/ig:avif\/https:\/\/www.bbidistributions.com\/wp-content\/uploads\/2022\/03\/071902_d6685fb051c842b8b81f3599c30950b8mv2.png\" \/>\n\t<meta property=\"og:image:width\" content=\"1200\" \/>\n\t<meta property=\"og:image:height\" content=\"627\" \/>\n\t<meta property=\"og:image:type\" content=\"image\/png\" \/>\n<meta name=\"author\" content=\"arthurn\" \/>\n<meta name=\"twitter:card\" content=\"summary_large_image\" \/>\n<meta name=\"twitter:label1\" content=\"Scritto da\" \/>\n\t<meta name=\"twitter:data1\" content=\"arthurn\" \/>\n\t<meta name=\"twitter:label2\" content=\"Tempo di lettura stimato\" \/>\n\t<meta name=\"twitter:data2\" content=\"1 minuto\" \/>\n<script type=\"application\/ld+json\" class=\"yoast-schema-graph\">{\"@context\":\"https:\\\/\\\/schema.org\",\"@graph\":[{\"@type\":\"Article\",\"@id\":\"https:\\\/\\\/www.bbidistributions.com\\\/crecendo-expo-bali-bali-nina-bernie-mev-et-steve-madden-au-salon-de-la-chaussure\\\/#article\",\"isPartOf\":{\"@id\":\"https:\\\/\\\/www.bbidistributions.com\\\/crecendo-expo-bali-bali-nina-bernie-mev-et-steve-madden-au-salon-de-la-chaussure\\\/\"},\"author\":{\"name\":\"arthurn\",\"@id\":\"https:\\\/\\\/www.bbidistributions.com\\\/#\\\/schema\\\/person\\\/932e934c0f539e9ce527c5a642310835\"},\"headline\":\"Crecendo Expo : Bali-Bali, Nina, Bernie Mev et Steve Madden au salon de la chaussure&#8230;\",\"datePublished\":\"2019-08-30T00:00:00+00:00\",\"dateModified\":\"2022-03-25T16:00:58+00:00\",\"mainEntityOfPage\":{\"@id\":\"https:\\\/\\\/www.bbidistributions.com\\\/crecendo-expo-bali-bali-nina-bernie-mev-et-steve-madden-au-salon-de-la-chaussure\\\/\"},\"wordCount\":252,\"commentCount\":0,\"publisher\":{\"@id\":\"https:\\\/\\\/www.bbidistributions.com\\\/#organization\"},\"image\":{\"@id\":\"https:\\\/\\\/www.bbidistributions.com\\\/crecendo-expo-bali-bali-nina-bernie-mev-et-steve-madden-au-salon-de-la-chaussure\\\/#primaryimage\"},\"thumbnailUrl\":\"https:\\/\\/www.bbidistributions.com\\/wp-content\\/uploads\\/2022\\/03\\/071902_d6685fb051c842b8b81f3599c30950b8mv2.png\",\"articleSection\":[\"Uncategorized\"],\"inLanguage\":\"it-IT\",\"potentialAction\":[{\"@type\":\"CommentAction\",\"name\":\"Comment\",\"target\":[\"https:\\\/\\\/www.bbidistributions.com\\\/crecendo-expo-bali-bali-nina-bernie-mev-et-steve-madden-au-salon-de-la-chaussure\\\/#respond\"]}]},{\"@type\":\"WebPage\",\"@id\":\"https:\\\/\\\/www.bbidistributions.com\\\/crecendo-expo-bali-bali-nina-bernie-mev-et-steve-madden-au-salon-de-la-chaussure\\\/\",\"url\":\"https:\\\/\\\/www.bbidistributions.com\\\/crecendo-expo-bali-bali-nina-bernie-mev-et-steve-madden-au-salon-de-la-chaussure\\\/\",\"name\":\"Crecendo Expo : Bali-Bali, Nina, Bernie Mev et Steve Madden au salon de la chaussure... - BBI Distributions\",\"isPartOf\":{\"@id\":\"https:\\\/\\\/www.bbidistributions.com\\\/#website\"},\"primaryImageOfPage\":{\"@id\":\"https:\\\/\\\/www.bbidistributions.com\\\/crecendo-expo-bali-bali-nina-bernie-mev-et-steve-madden-au-salon-de-la-chaussure\\\/#primaryimage\"},\"image\":{\"@id\":\"https:\\\/\\\/www.bbidistributions.com\\\/crecendo-expo-bali-bali-nina-bernie-mev-et-steve-madden-au-salon-de-la-chaussure\\\/#primaryimage\"},\"thumbnailUrl\":\"https:\\/\\/www.bbidistributions.com\\/wp-content\\/uploads\\/2022\\/03\\/071902_d6685fb051c842b8b81f3599c30950b8mv2.png\",\"datePublished\":\"2019-08-30T00:00:00+00:00\",\"dateModified\":\"2022-03-25T16:00:58+00:00\",\"breadcrumb\":{\"@id\":\"https:\\\/\\\/www.bbidistributions.com\\\/crecendo-expo-bali-bali-nina-bernie-mev-et-steve-madden-au-salon-de-la-chaussure\\\/#breadcrumb\"},\"inLanguage\":\"it-IT\",\"potentialAction\":[{\"@type\":\"ReadAction\",\"target\":[\"https:\\\/\\\/www.bbidistributions.com\\\/crecendo-expo-bali-bali-nina-bernie-mev-et-steve-madden-au-salon-de-la-chaussure\\\/\"]}]},{\"@type\":\"ImageObject\",\"inLanguage\":\"it-IT\",\"@id\":\"https:\\\/\\\/www.bbidistributions.com\\\/crecendo-expo-bali-bali-nina-bernie-mev-et-steve-madden-au-salon-de-la-chaussure\\\/#primaryimage\",\"url\":\"https:\\/\\/www.bbidistributions.com\\/wp-content\\/uploads\\/2022\\/03\\/071902_d6685fb051c842b8b81f3599c30950b8mv2.png\",\"contentUrl\":\"https:\\/\\/www.bbidistributions.com\\/wp-content\\/uploads\\/2022\\/03\\/071902_d6685fb051c842b8b81f3599c30950b8mv2.png\",\"width\":1200,\"height\":627},{\"@type\":\"BreadcrumbList\",\"@id\":\"https:\\\/\\\/www.bbidistributions.com\\\/crecendo-expo-bali-bali-nina-bernie-mev-et-steve-madden-au-salon-de-la-chaussure\\\/#breadcrumb\",\"itemListElement\":[{\"@type\":\"ListItem\",\"position\":1,\"name\":\"Accueil\",\"item\":\"https:\\\/\\\/www.bbidistributions.com\\\/\"},{\"@type\":\"ListItem\",\"position\":2,\"name\":\"Crecendo Expo : Bali-Bali, Nina, Bernie Mev et Steve Madden au salon de la chaussure&#8230;\"}]},{\"@type\":\"WebSite\",\"@id\":\"https:\\\/\\\/www.bbidistributions.com\\\/#website\",\"url\":\"https:\\\/\\\/www.bbidistributions.com\\\/\",\"name\":\"BBI Distributions\",\"description\":\"\",\"publisher\":{\"@id\":\"https:\\\/\\\/www.bbidistributions.com\\\/#organization\"},\"potentialAction\":[{\"@type\":\"SearchAction\",\"target\":{\"@type\":\"EntryPoint\",\"urlTemplate\":\"https:\\\/\\\/www.bbidistributions.com\\\/?s={search_term_string}\"},\"query-input\":{\"@type\":\"PropertyValueSpecification\",\"valueRequired\":true,\"valueName\":\"search_term_string\"}}],\"inLanguage\":\"it-IT\"},{\"@type\":\"Organization\",\"@id\":\"https:\\\/\\\/www.bbidistributions.com\\\/#organization\",\"name\":\"BBI Distributions\",\"url\":\"https:\\\/\\\/www.bbidistributions.com\\\/\",\"logo\":{\"@type\":\"ImageObject\",\"inLanguage\":\"it-IT\",\"@id\":\"https:\\\/\\\/www.bbidistributions.com\\\/#\\\/schema\\\/logo\\\/image\\\/\",\"url\":\"https:\\/\\/bbidistributions.com\\/wp-content\\/uploads\\/2022\\/03\\/bbidistributions-facebook-thumb.jpg\",\"contentUrl\":\"https:\\/\\/bbidistributions.com\\/wp-content\\/uploads\\/2022\\/03\\/bbidistributions-facebook-thumb.jpg\",\"width\":1200,\"height\":627,\"caption\":\"BBI Distributions\"},\"image\":{\"@id\":\"https:\\\/\\\/www.bbidistributions.com\\\/#\\\/schema\\\/logo\\\/image\\\/\"}},{\"@type\":\"Person\",\"@id\":\"https:\\\/\\\/www.bbidistributions.com\\\/#\\\/schema\\\/person\\\/932e934c0f539e9ce527c5a642310835\",\"name\":\"arthurn\",\"image\":{\"@type\":\"ImageObject\",\"inLanguage\":\"it-IT\",\"@id\":\"https:\\\/\\\/secure.gravatar.com\\\/avatar\\\/e605ebbc06f5f6eed046c7f53d3d492118355376198029ba8f6a1de272861215?s=96&d=mm&r=g\",\"url\":\"https:\\\/\\\/secure.gravatar.com\\\/avatar\\\/e605ebbc06f5f6eed046c7f53d3d492118355376198029ba8f6a1de272861215?s=96&d=mm&r=g\",\"contentUrl\":\"https:\\\/\\\/secure.gravatar.com\\\/avatar\\\/e605ebbc06f5f6eed046c7f53d3d492118355376198029ba8f6a1de272861215?s=96&d=mm&r=g\",\"caption\":\"arthurn\"},\"sameAs\":[\"https:\\\/\\\/bbidistributions.com\"]}]}<\/script>\n<!-- \/ Yoast SEO plugin. -->","yoast_head_json":{"title":"Crecendo Expo : Bali-Bali, Nina, Bernie Mev et Steve Madden au salon de la chaussure... - BBI Distributions","robots":{"index":"index","follow":"follow","max-snippet":"max-snippet:-1","max-image-preview":"max-image-preview:large","max-video-preview":"max-video-preview:-1"},"canonical":"https:\/\/www.bbidistributions.com\/it\/crecendo-expo-bali-bali-nina-bernie-mev-et-steve-madden-au-salon-de-la-chaussure\/","og_locale":"it_IT","og_type":"article","og_title":"Crecendo Expo : Bali-Bali, Nina, Bernie Mev et Steve Madden au salon de la chaussure... - BBI Distributions","og_description":"A l&rsquo;occasion de l&rsquo;\u00e9dition 2019 du salon professionnel Who&rsquo;s Next \u00e0 Paris, l&rsquo;entreprise BBI Distributions pr\u00e9sentera la nouvelle collection Printemps-\u00c9t\u00e9 2020 de l&#8217;embl\u00e9matique marque de chaussures am\u00e9ricaines Steve Madden. Collection Printemps-\u00c9t\u00e9 2020, Steve Madden\u00ae Qu&rsquo;est ce que le salon Who&rsquo;s Next ? Le salon Who&rsquo;s Next a lieu deux fois par an \u00e0 Paris et [&hellip;]","og_url":"https:\/\/www.bbidistributions.com\/it\/crecendo-expo-bali-bali-nina-bernie-mev-et-steve-madden-au-salon-de-la-chaussure\/","og_site_name":"BBI Distributions","article_published_time":"2019-08-30T00:00:00+00:00","article_modified_time":"2022-03-25T16:00:58+00:00","og_image":[{"width":1200,"height":627,"url":"https:\/\/mlkclyg2kwdc.i.optimole.com\/w:auto\/h:auto\/q:mauto\/g:sm\/f:best\/ig:avif\/https:\/\/www.bbidistributions.com\/wp-content\/uploads\/2022\/03\/071902_d6685fb051c842b8b81f3599c30950b8mv2.png","type":"image\/png"}],"author":"arthurn","twitter_card":"summary_large_image","twitter_misc":{"Scritto da":"arthurn","Tempo di lettura stimato":"1 minuto"},"schema":{"@context":"https:\/\/schema.org","@graph":[{"@type":"Article","@id":"https:\/\/www.bbidistributions.com\/crecendo-expo-bali-bali-nina-bernie-mev-et-steve-madden-au-salon-de-la-chaussure\/#article","isPartOf":{"@id":"https:\/\/www.bbidistributions.com\/crecendo-expo-bali-bali-nina-bernie-mev-et-steve-madden-au-salon-de-la-chaussure\/"},"author":{"name":"arthurn","@id":"https:\/\/www.bbidistributions.com\/#\/schema\/person\/932e934c0f539e9ce527c5a642310835"},"headline":"Crecendo Expo : Bali-Bali, Nina, Bernie Mev et Steve Madden au salon de la chaussure&#8230;","datePublished":"2019-08-30T00:00:00+00:00","dateModified":"2022-03-25T16:00:58+00:00","mainEntityOfPage":{"@id":"https:\/\/www.bbidistributions.com\/crecendo-expo-bali-bali-nina-bernie-mev-et-steve-madden-au-salon-de-la-chaussure\/"},"wordCount":252,"commentCount":0,"publisher":{"@id":"https:\/\/www.bbidistributions.com\/#organization"},"image":{"@id":"https:\/\/www.bbidistributions.com\/crecendo-expo-bali-bali-nina-bernie-mev-et-steve-madden-au-salon-de-la-chaussure\/#primaryimage"},"thumbnailUrl":"https:\/\/mlkclyg2kwdc.i.optimole.com\/w:auto\/h:auto\/q:mauto\/g:sm\/f:best\/ig:avif\/https:\/\/www.bbidistributions.com\/wp-content\/uploads\/2022\/03\/071902_d6685fb051c842b8b81f3599c30950b8mv2.png","articleSection":["Uncategorized"],"inLanguage":"it-IT","potentialAction":[{"@type":"CommentAction","name":"Comment","target":["https:\/\/www.bbidistributions.com\/crecendo-expo-bali-bali-nina-bernie-mev-et-steve-madden-au-salon-de-la-chaussure\/#respond"]}]},{"@type":"WebPage","@id":"https:\/\/www.bbidistributions.com\/crecendo-expo-bali-bali-nina-bernie-mev-et-steve-madden-au-salon-de-la-chaussure\/","url":"https:\/\/www.bbidistributions.com\/crecendo-expo-bali-bali-nina-bernie-mev-et-steve-madden-au-salon-de-la-chaussure\/","name":"Crecendo Expo : Bali-Bali, Nina, Bernie Mev et Steve Madden au salon de la chaussure... - BBI Distributions","isPartOf":{"@id":"https:\/\/www.bbidistributions.com\/#website"},"primaryImageOfPage":{"@id":"https:\/\/www.bbidistributions.com\/crecendo-expo-bali-bali-nina-bernie-mev-et-steve-madden-au-salon-de-la-chaussure\/#primaryimage"},"image":{"@id":"https:\/\/www.bbidistributions.com\/crecendo-expo-bali-bali-nina-bernie-mev-et-steve-madden-au-salon-de-la-chaussure\/#primaryimage"},"thumbnailUrl":"https:\/\/mlkclyg2kwdc.i.optimole.com\/w:auto\/h:auto\/q:mauto\/g:sm\/f:best\/ig:avif\/https:\/\/www.bbidistributions.com\/wp-content\/uploads\/2022\/03\/071902_d6685fb051c842b8b81f3599c30950b8mv2.png","datePublished":"2019-08-30T00:00:00+00:00","dateModified":"2022-03-25T16:00:58+00:00","breadcrumb":{"@id":"https:\/\/www.bbidistributions.com\/crecendo-expo-bali-bali-nina-bernie-mev-et-steve-madden-au-salon-de-la-chaussure\/#breadcrumb"},"inLanguage":"it-IT","potentialAction":[{"@type":"ReadAction","target":["https:\/\/www.bbidistributions.com\/crecendo-expo-bali-bali-nina-bernie-mev-et-steve-madden-au-salon-de-la-chaussure\/"]}]},{"@type":"ImageObject","inLanguage":"it-IT","@id":"https:\/\/www.bbidistributions.com\/crecendo-expo-bali-bali-nina-bernie-mev-et-steve-madden-au-salon-de-la-chaussure\/#primaryimage","url":"https:\/\/mlkclyg2kwdc.i.optimole.com\/w:auto\/h:auto\/q:mauto\/g:sm\/f:best\/ig:avif\/https:\/\/www.bbidistributions.com\/wp-content\/uploads\/2022\/03\/071902_d6685fb051c842b8b81f3599c30950b8mv2.png","contentUrl":"https:\/\/mlkclyg2kwdc.i.optimole.com\/w:auto\/h:auto\/q:mauto\/g:sm\/f:best\/ig:avif\/https:\/\/www.bbidistributions.com\/wp-content\/uploads\/2022\/03\/071902_d6685fb051c842b8b81f3599c30950b8mv2.png","width":1200,"height":627},{"@type":"BreadcrumbList","@id":"https:\/\/www.bbidistributions.com\/crecendo-expo-bali-bali-nina-bernie-mev-et-steve-madden-au-salon-de-la-chaussure\/#breadcrumb","itemListElement":[{"@type":"ListItem","position":1,"name":"Accueil","item":"https:\/\/www.bbidistributions.com\/"},{"@type":"ListItem","position":2,"name":"Crecendo Expo : Bali-Bali, Nina, Bernie Mev et Steve Madden au salon de la chaussure&#8230;"}]},{"@type":"WebSite","@id":"https:\/\/www.bbidistributions.com\/#website","url":"https:\/\/www.bbidistributions.com\/","name":"BBI Distributions","description":"","publisher":{"@id":"https:\/\/www.bbidistributions.com\/#organization"},"potentialAction":[{"@type":"SearchAction","target":{"@type":"EntryPoint","urlTemplate":"https:\/\/www.bbidistributions.com\/?s={search_term_string}"},"query-input":{"@type":"PropertyValueSpecification","valueRequired":true,"valueName":"search_term_string"}}],"inLanguage":"it-IT"},{"@type":"Organization","@id":"https:\/\/www.bbidistributions.com\/#organization","name":"BBI Distributions","url":"https:\/\/www.bbidistributions.com\/","logo":{"@type":"ImageObject","inLanguage":"it-IT","@id":"https:\/\/www.bbidistributions.com\/#\/schema\/logo\/image\/","url":"https:\/\/mlkclyg2kwdc.i.optimole.com\/w:auto\/h:auto\/q:mauto\/g:sm\/f:best\/ig:avif\/https:\/\/bbidistributions.com\/wp-content\/uploads\/2022\/03\/bbidistributions-facebook-thumb.jpg","contentUrl":"https:\/\/mlkclyg2kwdc.i.optimole.com\/w:auto\/h:auto\/q:mauto\/g:sm\/f:best\/ig:avif\/https:\/\/bbidistributions.com\/wp-content\/uploads\/2022\/03\/bbidistributions-facebook-thumb.jpg","width":1200,"height":627,"caption":"BBI Distributions"},"image":{"@id":"https:\/\/www.bbidistributions.com\/#\/schema\/logo\/image\/"}},{"@type":"Person","@id":"https:\/\/www.bbidistributions.com\/#\/schema\/person\/932e934c0f539e9ce527c5a642310835","name":"arthurn","image":{"@type":"ImageObject","inLanguage":"it-IT","@id":"https:\/\/secure.gravatar.com\/avatar\/e605ebbc06f5f6eed046c7f53d3d492118355376198029ba8f6a1de272861215?s=96&d=mm&r=g","url":"https:\/\/secure.gravatar.com\/avatar\/e605ebbc06f5f6eed046c7f53d3d492118355376198029ba8f6a1de272861215?s=96&d=mm&r=g","contentUrl":"https:\/\/secure.gravatar.com\/avatar\/e605ebbc06f5f6eed046c7f53d3d492118355376198029ba8f6a1de272861215?s=96&d=mm&r=g","caption":"arthurn"},"sameAs":["https:\/\/bbidistributions.com"]}]}},"_links":{"self":[{"href":"https:\/\/www.bbidistributions.com\/it\/wp-json\/wp\/v2\/posts\/52","targetHints":{"allow":["GET"]}}],"collection":[{"href":"https:\/\/www.bbidistributions.com\/it\/wp-json\/wp\/v2\/posts"}],"about":[{"href":"https:\/\/www.bbidistributions.com\/it\/wp-json\/wp\/v2\/types\/post"}],"author":[{"embeddable":true,"href":"https:\/\/www.bbidistributions.com\/it\/wp-json\/wp\/v2\/users\/1"}],"replies":[{"embeddable":true,"href":"https:\/\/www.bbidistributions.com\/it\/wp-json\/wp\/v2\/comments?post=52"}],"version-history":[{"count":0,"href":"https:\/\/www.bbidistributions.com\/it\/wp-json\/wp\/v2\/posts\/52\/revisions"}],"wp:featuredmedia":[{"embeddable":true,"href":"https:\/\/www.bbidistributions.com\/it\/wp-json\/wp\/v2\/media\/107"}],"wp:attachment":[{"href":"https:\/\/www.bbidistributions.com\/it\/wp-json\/wp\/v2\/media?parent=52"}],"wp:term":[{"taxonomy":"category","embeddable":true,"href":"https:\/\/www.bbidistributions.com\/it\/wp-json\/wp\/v2\/categories?post=52"},{"taxonomy":"post_tag","embeddable":true,"href":"https:\/\/www.bbidistributions.com\/it\/wp-json\/wp\/v2\/tags?post=52"}],"curies":[{"name":"wp","href":"https:\/\/api.w.org\/{rel}","templated":true}]}}