{"id":51,"date":"2019-09-02T00:00:00","date_gmt":"2019-09-02T00:00:00","guid":{"rendered":"https:\/\/bbidistributions.com\/2019\/09\/02\/la-nouvelle-collection-steve-madden-sera-presentee-au-salon-du-micam-a-milan\/"},"modified":"2022-03-25T16:56:13","modified_gmt":"2022-03-25T15:56:13","slug":"la-nouvelle-collection-steve-madden-sera-presentee-au-salon-du-micam-a-milan","status":"publish","type":"post","link":"https:\/\/www.bbidistributions.com\/it\/la-nouvelle-collection-steve-madden-sera-presentee-au-salon-du-micam-a-milan\/","title":{"rendered":"La nuova collezione Steve Madden sar\u00e0 presentata alla fiera Micam di Milano"},"content":{"rendered":"<p id=\"viewer-foo\" class=\"mm8Nw _1j-51 iWv3d _1FoOD _3M0Fe aujbK iWv3d public-DraftStyleDefault-block-depth0 fixed-tab-size public-DraftStyleDefault-text-ltr\"><span class=\"_2PHJq public-DraftStyleDefault-ltr\">Il marchio americano <strong>Steve Madden<\/strong> sar\u00e0 a Milano il 15, 16 e 18 settembre per l'evento <strong>Micam<\/strong> per presentare la sua nuova collezione <strong>Primavera-Estate 2020<\/strong>.<\/span><\/p>\n<div id=\"viewer-bg2cv\" class=\"_2vd5k JP7h-\">\n<div class=\"_3CWa- Dv9jC Dv9jC _3mymk\">\n<div class=\"_1lf3C\" role=\"none\" data-hook=\"galleryViewer\">\n<div id=\"pro-gallery-bg2cv\" class=\"pro-gallery\">\n<div class=\"\" tabindex=\"-1\" data-key=\"pro-gallery-inner-container\">\n<div class=\"pro-gallery-parent-container\" role=\"region\" aria-label=\"Premere il tasto Invio e utilizzare i tasti freccia per navigare tra gli elementi della galleria.\" aria-roledescription=\"region\">\n<div id=\"pro-gallery-container\" class=\"pro-gallery inline-styles ltr\">\n<div id=\"pro-gallery-margin-container\">\n<div id=\"pgi2b1f698e275b450db191661942cb1b89_0_0\" class=\"gallery-item-container visible clickable simulate-hover\" tabindex=\"0\" role=\"link\" aria-label=\"Immagine senza titolo\" data-hash=\"2b1f698e-275b-450d-b191-661942cb1b89_0\" data-id=\"2b1f698e-275b-450d-b191-661942cb1b89_0\" data-idx=\"0\" data-hook=\"item-container\">\n<div id=\"item-wrapper-2b1f698e-275b-450d-b191-661942cb1b89_0\" class=\"gallery-item-wrapper visible\" data-hook=\"item-wrapper\">\n<div class=\"gallery-item-content image-item gallery-item-visible gallery-item gallery-item-preloaded\" data-hook=\"image-item\">\n<div id='gallery-1' class='gallery galleryid-51 gallery-columns-3 gallery-size-large'><figure class='gallery-item'>\n\t\t\t<div class='gallery-icon portrait'>\n\t\t\t\t<a href='https:\/\/mlkclyg2kwdc.i.optimole.com\/w:auto\/h:auto\/q:mauto\/g:sm\/f:best\/ig:avif\/https:\/\/www.bbidistributions.com\/wp-content\/uploads\/2019\/09\/bbidistributions-steve-madden-1.jpg'><img data-opt-id=570748662  fetchpriority=\"high\" decoding=\"async\" width=\"800\" height=\"870\" src=\"https:\/\/mlkclyg2kwdc.i.optimole.com\/w:942\/h:1024\/q:mauto\/g:sm\/f:best\/ig:avif\/https:\/\/www.bbidistributions.com\/wp-content\/uploads\/2019\/09\/bbidistributions-steve-madden-1.jpg\" class=\"attachment-large size-large\" alt=\"\" srcset=\"https:\/\/mlkclyg2kwdc.i.optimole.com\/w:942\/h:1024\/q:mauto\/g:sm\/f:best\/ig:avif\/https:\/\/www.bbidistributions.com\/wp-content\/uploads\/2019\/09\/bbidistributions-steve-madden-1.jpg 942w, https:\/\/mlkclyg2kwdc.i.optimole.com\/w:276\/h:300\/q:mauto\/g:sm\/f:best\/ig:avif\/https:\/\/www.bbidistributions.com\/wp-content\/uploads\/2019\/09\/bbidistributions-steve-madden-1.jpg 276w, https:\/\/mlkclyg2kwdc.i.optimole.com\/w:768\/h:835\/q:mauto\/g:sm\/f:best\/ig:avif\/https:\/\/www.bbidistributions.com\/wp-content\/uploads\/2019\/09\/bbidistributions-steve-madden-1.jpg 768w, https:\/\/mlkclyg2kwdc.i.optimole.com\/w:993\/h:1080\/q:mauto\/g:sm\/f:best\/ig:avif\/https:\/\/www.bbidistributions.com\/wp-content\/uploads\/2019\/09\/bbidistributions-steve-madden-1.jpg 1413w, https:\/\/mlkclyg2kwdc.i.optimole.com\/w:11\/h:12\/q:mauto\/g:sm\/f:best\/ig:avif\/dpr:2\/https:\/\/www.bbidistributions.com\/wp-content\/uploads\/2019\/09\/bbidistributions-steve-madden-1.jpg 11w, https:\/\/mlkclyg2kwdc.i.optimole.com\/w:993\/h:1080\/q:mauto\/g:sm\/f:best\/ig:avif\/https:\/\/www.bbidistributions.com\/wp-content\/uploads\/2019\/09\/bbidistributions-steve-madden-1.jpg 1519w\" sizes=\"(max-width: 800px) 100vw, 800px\" \/><\/a>\n\t\t\t<\/div><\/figure><figure class='gallery-item'>\n\t\t\t<div class='gallery-icon portrait'>\n\t\t\t\t<a href='https:\/\/mlkclyg2kwdc.i.optimole.com\/w:auto\/h:auto\/q:mauto\/g:sm\/f:best\/ig:avif\/https:\/\/www.bbidistributions.com\/wp-content\/uploads\/2019\/09\/bbidistributions-steve-madden-2.jpg'><img data-opt-id=1447013472  fetchpriority=\"high\" decoding=\"async\" width=\"800\" height=\"840\" src=\"https:\/\/mlkclyg2kwdc.i.optimole.com\/w:975\/h:1024\/q:mauto\/g:sm\/f:best\/ig:avif\/https:\/\/www.bbidistributions.com\/wp-content\/uploads\/2019\/09\/bbidistributions-steve-madden-2.jpg\" class=\"attachment-large size-large\" alt=\"\" srcset=\"https:\/\/mlkclyg2kwdc.i.optimole.com\/w:975\/h:1024\/q:mauto\/g:sm\/f:best\/ig:avif\/https:\/\/www.bbidistributions.com\/wp-content\/uploads\/2019\/09\/bbidistributions-steve-madden-2.jpg 975w, https:\/\/mlkclyg2kwdc.i.optimole.com\/w:286\/h:300\/q:mauto\/g:sm\/f:best\/ig:avif\/https:\/\/www.bbidistributions.com\/wp-content\/uploads\/2019\/09\/bbidistributions-steve-madden-2.jpg 286w, https:\/\/mlkclyg2kwdc.i.optimole.com\/w:768\/h:807\/q:mauto\/g:sm\/f:best\/ig:avif\/https:\/\/www.bbidistributions.com\/wp-content\/uploads\/2019\/09\/bbidistributions-steve-madden-2.jpg 768w, https:\/\/mlkclyg2kwdc.i.optimole.com\/w:1028\/h:1080\/q:mauto\/g:sm\/f:best\/ig:avif\/https:\/\/www.bbidistributions.com\/wp-content\/uploads\/2019\/09\/bbidistributions-steve-madden-2.jpg 1463w, https:\/\/mlkclyg2kwdc.i.optimole.com\/w:11\/h:12\/q:mauto\/g:sm\/f:best\/ig:avif\/dpr:2\/https:\/\/www.bbidistributions.com\/wp-content\/uploads\/2019\/09\/bbidistributions-steve-madden-2.jpg 11w, https:\/\/mlkclyg2kwdc.i.optimole.com\/w:1028\/h:1080\/q:mauto\/g:sm\/f:best\/ig:avif\/https:\/\/www.bbidistributions.com\/wp-content\/uploads\/2019\/09\/bbidistributions-steve-madden-2.jpg 1572w\" sizes=\"(max-width: 800px) 100vw, 800px\" \/><\/a>\n\t\t\t<\/div><\/figure><figure class='gallery-item'>\n\t\t\t<div class='gallery-icon portrait'>\n\t\t\t\t<a href='https:\/\/mlkclyg2kwdc.i.optimole.com\/w:auto\/h:auto\/q:mauto\/g:sm\/f:best\/ig:avif\/https:\/\/www.bbidistributions.com\/wp-content\/uploads\/2019\/09\/bbidistributions-steve-madden-3.jpg'><img data-opt-id=1394161703  fetchpriority=\"high\" decoding=\"async\" width=\"800\" height=\"1000\" src=\"https:\/\/mlkclyg2kwdc.i.optimole.com\/w:819\/h:1024\/q:mauto\/g:sm\/f:best\/ig:avif\/https:\/\/www.bbidistributions.com\/wp-content\/uploads\/2019\/09\/bbidistributions-steve-madden-3.jpg\" class=\"attachment-large size-large\" alt=\"\" srcset=\"https:\/\/mlkclyg2kwdc.i.optimole.com\/w:819\/h:1024\/q:mauto\/g:sm\/f:best\/ig:avif\/https:\/\/www.bbidistributions.com\/wp-content\/uploads\/2019\/09\/bbidistributions-steve-madden-3.jpg 819w, https:\/\/mlkclyg2kwdc.i.optimole.com\/w:240\/h:300\/q:mauto\/g:sm\/f:best\/ig:avif\/https:\/\/www.bbidistributions.com\/wp-content\/uploads\/2019\/09\/bbidistributions-steve-madden-3.jpg 240w, https:\/\/mlkclyg2kwdc.i.optimole.com\/w:768\/h:960\/q:mauto\/g:sm\/f:best\/ig:avif\/https:\/\/www.bbidistributions.com\/wp-content\/uploads\/2019\/09\/bbidistributions-steve-madden-3.jpg 768w, https:\/\/mlkclyg2kwdc.i.optimole.com\/w:864\/h:1080\/q:mauto\/g:sm\/f:best\/ig:avif\/https:\/\/www.bbidistributions.com\/wp-content\/uploads\/2019\/09\/bbidistributions-steve-madden-3.jpg 1229w, https:\/\/mlkclyg2kwdc.i.optimole.com\/w:10\/h:12\/q:mauto\/g:sm\/f:best\/ig:avif\/dpr:2\/https:\/\/www.bbidistributions.com\/wp-content\/uploads\/2019\/09\/bbidistributions-steve-madden-3.jpg 10w, https:\/\/mlkclyg2kwdc.i.optimole.com\/w:864\/h:1080\/q:mauto\/g:sm\/f:best\/ig:avif\/https:\/\/www.bbidistributions.com\/wp-content\/uploads\/2019\/09\/bbidistributions-steve-madden-3.jpg 1321w\" sizes=\"(max-width: 800px) 100vw, 800px\" \/><\/a>\n\t\t\t<\/div><\/figure>\n\t\t<\/div>\n\n<\/div>\n<\/div>\n<\/div>\n<\/div>\n<\/div>\n<\/div>\n<\/div>\n<\/div>\n<\/div>\n<\/div>\n<\/div>\n<p id=\"viewer-gd3e\" class=\"mm8Nw _1j-51 iWv3d _1FoOD _1oG79 ykIOg iWv3d public-DraftStyleDefault-block-depth0 fixed-tab-size public-DraftStyleDefault-text-ltr\"><span class=\"_2PHJq public-DraftStyleDefault-ltr\"><em>Collezione primavera-estate 2020, Steve Madden\u00ae, Steve Madden<\/em><\/span><\/p>\n<p id=\"viewer-17inr\" class=\"mm8Nw _1j-51 iWv3d _1FoOD _3M0Fe aujbK iWv3d public-DraftStyleDefault-block-depth0 fixed-tab-size public-DraftStyleDefault-text-ltr\"><span class=\"_2PHJq public-DraftStyleDefault-ltr\"><strong>Che cos'\u00e8 il Micam?<\/strong><\/span><\/p>\n<p id=\"viewer-c6f54\" class=\"mm8Nw _1j-51 iWv3d _1FoOD _3M0Fe aujbK iWv3d public-DraftStyleDefault-block-depth0 fixed-tab-size public-DraftStyleDefault-text-ltr\"><span class=\"_2PHJq public-DraftStyleDefault-ltr\">Il Micam \u00e8 una fiera internazionale biennale per i professionisti della calzatura. L'edizione 2020 della fiera si svolger\u00e0 dal 15 al 18 settembre.<\/span><\/p>\n<p id=\"viewer-3qm0q\" class=\"mm8Nw _1j-51 iWv3d _1FoOD _3M0Fe aujbK iWv3d public-DraftStyleDefault-block-depth0 fixed-tab-size public-DraftStyleDefault-text-ltr\"><span class=\"_2PHJq public-DraftStyleDefault-ltr\"><strong>Dove si trova Steve Madden al Micam?<\/strong><\/span><\/p>\n<p id=\"viewer-7k2b8\" class=\"mm8Nw _1j-51 iWv3d _1FoOD _3M0Fe aujbK iWv3d public-DraftStyleDefault-block-depth0 fixed-tab-size public-DraftStyleDefault-text-ltr\"><span class=\"_2PHJq public-DraftStyleDefault-ltr\">Al Micam di Milano, il marchio Steve Madden presentato da BBI Distributions sar\u00e0 presente nel Padiglione 2 negli stand h41 h43 k40 e k46.<\/span><\/p>\n<p id=\"viewer-c3a1e\" class=\"mm8Nw _1j-51 iWv3d _1FoOD _3M0Fe aujbK iWv3d public-DraftStyleDefault-block-depth0 fixed-tab-size public-DraftStyleDefault-text-ltr\"><span class=\"_2PHJq public-DraftStyleDefault-ltr\"><strong>Come si arriva al Micam?<\/strong><\/span><\/p>\n<p id=\"viewer-cpu5c\" class=\"mm8Nw _1j-51 iWv3d _1FoOD _3M0Fe aujbK iWv3d public-DraftStyleDefault-block-depth0 fixed-tab-size public-DraftStyleDefault-text-ltr\"><span class=\"_2PHJq public-DraftStyleDefault-ltr\">Metro: MM1 linea rossa, fermata Rho Fieramilano<\/span><\/p>\n<p id=\"viewer-qdp7\" class=\"mm8Nw _1j-51 iWv3d _1FoOD _3M0Fe aujbK iWv3d public-DraftStyleDefault-block-depth0 fixed-tab-size public-DraftStyleDefault-text-ltr\"><span class=\"_2PHJq public-DraftStyleDefault-ltr\">Treno: Rho Fieramilano ferma sul passante ferroviario di Milano e su alcune linee regionali (www.trenord.it). Con le Frenes di Trenitalia e Italo si arriva direttamente a Rho Fiera.<\/span><\/p>\n<p id=\"viewer-adc33\" class=\"mm8Nw _1j-51 iWv3d _1FoOD _3M0Fe aujbK iWv3d public-DraftStyleDefault-block-depth0 fixed-tab-size public-DraftStyleDefault-text-ltr\"><span class=\"_2PHJq public-DraftStyleDefault-ltr\">In auto: dalle autostrade A7-Genova, A1-Bologna e A4-Torino: A 50 Tangenziale Ovest direzione Varese, uscita fieramilano. Dall'autostrada A4 Venezia: uscita Pero-fieramilano. Dalle autostrade A8-Varese e A9-Como: dalla porta nord di Milano, prendere la A4-Venezia e uscire a fieramilano.<\/span><\/p>\n<p id=\"viewer-fs8ng\" class=\"mm8Nw _1j-51 iWv3d _1FoOD _3M0Fe aujbK iWv3d public-DraftStyleDefault-block-depth0 fixed-tab-size public-DraftStyleDefault-text-ltr\"><span class=\"_2PHJq public-DraftStyleDefault-ltr\">Parcheggio in fiera: i visitatori del Micam possono parcheggiare nei parcheggi situati intorno al quartiere fieristico (parcheggi P2, P3 e P4). Scarica la mappa per vederli. <\/span><\/p>\n<p id=\"viewer-96m1m\" class=\"mm8Nw _1j-51 iWv3d _1FoOD _3M0Fe aujbK iWv3d public-DraftStyleDefault-block-depth0 fixed-tab-size public-DraftStyleDefault-text-ltr\"><span class=\"_2PHJq public-DraftStyleDefault-ltr\">Prezzi: sosta massima di 4 ore: 12 euro, sosta oltre le 4 ore - massimo 24: 17 euro.<\/span><\/p>\n<p id=\"viewer-4h1bp\" class=\"mm8Nw _1j-51 iWv3d _1FoOD _3M0Fe aujbK iWv3d public-DraftStyleDefault-block-depth0 fixed-tab-size public-DraftStyleDefault-text-ltr\"><span class=\"_2PHJq public-DraftStyleDefault-ltr\"><strong>Come si ottiene un pass per il Micam?<\/strong><\/span><\/p>\n<p id=\"viewer-5tlcv\" class=\"mm8Nw _1j-51 iWv3d _1FoOD _3M0Fe aujbK iWv3d public-DraftStyleDefault-block-depth0 fixed-tab-size public-DraftStyleDefault-text-ltr\"><span class=\"_2PHJq public-DraftStyleDefault-ltr\">Per ottenere un invito o maggiori informazioni sulla fiera Micam, si prega di contattare BBI Distributions via e-mail <a class=\"_3Bkfb _1lsz7\" href=\"mailto:m.philippon@stevemadden.eu\" target=\"_top\" rel=\"noopener noreferrer\" data-hook=\"linkViewer\"><u class=\"_3zM-5\">m.philippon@stevemadden.eu<\/u><\/a> o al telefono +33 4 91 71 23 29.<\/span><\/p>","protected":false},"excerpt":{"rendered":"<p>Il marchio americano Steve Madden sar\u00e0 presente al Micam di Milano il 15, 16 e 18 settembre per presentare la nuova collezione Primavera-Estate 2020. Collezione primavera-estate 2020, Steve Madden\u00ae Cos'\u00e8 il Micam? Il Micam \u00e8 una fiera internazionale biennale dedicata ai professionisti della calzatura. L'edizione 2020 del [...]<\/p>","protected":false},"author":1,"featured_media":106,"comment_status":"open","ping_status":"open","sticky":false,"template":"","format":"standard","meta":{"footnotes":""},"categories":[1],"tags":[],"class_list":["post-51","post","type-post","status-publish","format-standard","has-post-thumbnail","hentry","category-uncategorized"],"yoast_head":"<!-- This site is optimized with the Yoast SEO plugin v27.5 - https:\/\/yoast.com\/product\/yoast-seo-wordpress\/ -->\n<title>La nouvelle collection Steve Madden sera pr\u00e9sent\u00e9e au salon du Micam \u00e0 Milan - BBI Distributions<\/title>\n<meta name=\"robots\" content=\"index, follow, max-snippet:-1, max-image-preview:large, max-video-preview:-1\" \/>\n<link rel=\"canonical\" href=\"https:\/\/www.bbidistributions.com\/it\/la-nouvelle-collection-steve-madden-sera-presentee-au-salon-du-micam-a-milan\/\" \/>\n<meta property=\"og:locale\" content=\"it_IT\" \/>\n<meta property=\"og:type\" content=\"article\" \/>\n<meta property=\"og:title\" content=\"La nouvelle collection Steve Madden sera pr\u00e9sent\u00e9e au salon du Micam \u00e0 Milan - BBI Distributions\" \/>\n<meta property=\"og:description\" content=\"La marque Am\u00e9ricaine Steve Madden sera pr\u00e9sente les 15, 16, et 18 septembre \u00e0 Milan \u00e0 l&rsquo;occasion du Micam afin de pr\u00e9sente sa nouvelle collection Printemps-\u00c9t\u00e9 2020. Collection Printemps-\u00c9t\u00e9 2020, Steve Madden\u00ae Qu&rsquo;est ce que le Micam ? La Micam est un salon international bi-annuel d\u00e9di\u00e9 aux professionnels de la chaussure. L&rsquo;\u00e9dition 2020 du salon [&hellip;]\" \/>\n<meta property=\"og:url\" content=\"https:\/\/www.bbidistributions.com\/it\/la-nouvelle-collection-steve-madden-sera-presentee-au-salon-du-micam-a-milan\/\" \/>\n<meta property=\"og:site_name\" content=\"BBI Distributions\" \/>\n<meta property=\"article:published_time\" content=\"2019-09-02T00:00:00+00:00\" \/>\n<meta property=\"article:modified_time\" content=\"2022-03-25T15:56:13+00:00\" \/>\n<meta property=\"og:image\" content=\"https:\/\/mlkclyg2kwdc.i.optimole.com\/w:auto\/h:auto\/q:mauto\/g:sm\/f:best\/ig:avif\/https:\/\/www.bbidistributions.com\/wp-content\/uploads\/2022\/03\/071902_d16e969040844405938c7777b4ecb288mv2.png\" \/>\n\t<meta property=\"og:image:width\" content=\"1200\" \/>\n\t<meta property=\"og:image:height\" content=\"627\" \/>\n\t<meta property=\"og:image:type\" content=\"image\/png\" \/>\n<meta name=\"author\" content=\"arthurn\" \/>\n<meta name=\"twitter:card\" content=\"summary_large_image\" \/>\n<meta name=\"twitter:label1\" content=\"Scritto da\" \/>\n\t<meta name=\"twitter:data1\" content=\"arthurn\" \/>\n\t<meta name=\"twitter:label2\" content=\"Tempo di lettura stimato\" \/>\n\t<meta name=\"twitter:data2\" content=\"1 minuto\" \/>\n<script type=\"application\/ld+json\" class=\"yoast-schema-graph\">{\"@context\":\"https:\\\/\\\/schema.org\",\"@graph\":[{\"@type\":\"Article\",\"@id\":\"https:\\\/\\\/www.bbidistributions.com\\\/la-nouvelle-collection-steve-madden-sera-presentee-au-salon-du-micam-a-milan\\\/#article\",\"isPartOf\":{\"@id\":\"https:\\\/\\\/www.bbidistributions.com\\\/la-nouvelle-collection-steve-madden-sera-presentee-au-salon-du-micam-a-milan\\\/\"},\"author\":{\"name\":\"arthurn\",\"@id\":\"https:\\\/\\\/www.bbidistributions.com\\\/#\\\/schema\\\/person\\\/932e934c0f539e9ce527c5a642310835\"},\"headline\":\"La nouvelle collection Steve Madden sera pr\u00e9sent\u00e9e au salon du Micam \u00e0 Milan\",\"datePublished\":\"2019-09-02T00:00:00+00:00\",\"dateModified\":\"2022-03-25T15:56:13+00:00\",\"mainEntityOfPage\":{\"@id\":\"https:\\\/\\\/www.bbidistributions.com\\\/la-nouvelle-collection-steve-madden-sera-presentee-au-salon-du-micam-a-milan\\\/\"},\"wordCount\":293,\"commentCount\":0,\"publisher\":{\"@id\":\"https:\\\/\\\/www.bbidistributions.com\\\/#organization\"},\"image\":{\"@id\":\"https:\\\/\\\/www.bbidistributions.com\\\/la-nouvelle-collection-steve-madden-sera-presentee-au-salon-du-micam-a-milan\\\/#primaryimage\"},\"thumbnailUrl\":\"https:\\/\\/www.bbidistributions.com\\/wp-content\\/uploads\\/2022\\/03\\/071902_d16e969040844405938c7777b4ecb288mv2.png\",\"articleSection\":[\"Uncategorized\"],\"inLanguage\":\"it-IT\",\"potentialAction\":[{\"@type\":\"CommentAction\",\"name\":\"Comment\",\"target\":[\"https:\\\/\\\/www.bbidistributions.com\\\/la-nouvelle-collection-steve-madden-sera-presentee-au-salon-du-micam-a-milan\\\/#respond\"]}]},{\"@type\":\"WebPage\",\"@id\":\"https:\\\/\\\/www.bbidistributions.com\\\/la-nouvelle-collection-steve-madden-sera-presentee-au-salon-du-micam-a-milan\\\/\",\"url\":\"https:\\\/\\\/www.bbidistributions.com\\\/la-nouvelle-collection-steve-madden-sera-presentee-au-salon-du-micam-a-milan\\\/\",\"name\":\"La nouvelle collection Steve Madden sera pr\u00e9sent\u00e9e au salon du Micam \u00e0 Milan - BBI Distributions\",\"isPartOf\":{\"@id\":\"https:\\\/\\\/www.bbidistributions.com\\\/#website\"},\"primaryImageOfPage\":{\"@id\":\"https:\\\/\\\/www.bbidistributions.com\\\/la-nouvelle-collection-steve-madden-sera-presentee-au-salon-du-micam-a-milan\\\/#primaryimage\"},\"image\":{\"@id\":\"https:\\\/\\\/www.bbidistributions.com\\\/la-nouvelle-collection-steve-madden-sera-presentee-au-salon-du-micam-a-milan\\\/#primaryimage\"},\"thumbnailUrl\":\"https:\\/\\/www.bbidistributions.com\\/wp-content\\/uploads\\/2022\\/03\\/071902_d16e969040844405938c7777b4ecb288mv2.png\",\"datePublished\":\"2019-09-02T00:00:00+00:00\",\"dateModified\":\"2022-03-25T15:56:13+00:00\",\"breadcrumb\":{\"@id\":\"https:\\\/\\\/www.bbidistributions.com\\\/la-nouvelle-collection-steve-madden-sera-presentee-au-salon-du-micam-a-milan\\\/#breadcrumb\"},\"inLanguage\":\"it-IT\",\"potentialAction\":[{\"@type\":\"ReadAction\",\"target\":[\"https:\\\/\\\/www.bbidistributions.com\\\/la-nouvelle-collection-steve-madden-sera-presentee-au-salon-du-micam-a-milan\\\/\"]}]},{\"@type\":\"ImageObject\",\"inLanguage\":\"it-IT\",\"@id\":\"https:\\\/\\\/www.bbidistributions.com\\\/la-nouvelle-collection-steve-madden-sera-presentee-au-salon-du-micam-a-milan\\\/#primaryimage\",\"url\":\"https:\\/\\/www.bbidistributions.com\\/wp-content\\/uploads\\/2022\\/03\\/071902_d16e969040844405938c7777b4ecb288mv2.png\",\"contentUrl\":\"https:\\/\\/www.bbidistributions.com\\/wp-content\\/uploads\\/2022\\/03\\/071902_d16e969040844405938c7777b4ecb288mv2.png\",\"width\":1200,\"height\":627},{\"@type\":\"BreadcrumbList\",\"@id\":\"https:\\\/\\\/www.bbidistributions.com\\\/la-nouvelle-collection-steve-madden-sera-presentee-au-salon-du-micam-a-milan\\\/#breadcrumb\",\"itemListElement\":[{\"@type\":\"ListItem\",\"position\":1,\"name\":\"Accueil\",\"item\":\"https:\\\/\\\/www.bbidistributions.com\\\/\"},{\"@type\":\"ListItem\",\"position\":2,\"name\":\"La nouvelle collection Steve Madden sera pr\u00e9sent\u00e9e au salon du Micam \u00e0 Milan\"}]},{\"@type\":\"WebSite\",\"@id\":\"https:\\\/\\\/www.bbidistributions.com\\\/#website\",\"url\":\"https:\\\/\\\/www.bbidistributions.com\\\/\",\"name\":\"BBI Distributions\",\"description\":\"\",\"publisher\":{\"@id\":\"https:\\\/\\\/www.bbidistributions.com\\\/#organization\"},\"potentialAction\":[{\"@type\":\"SearchAction\",\"target\":{\"@type\":\"EntryPoint\",\"urlTemplate\":\"https:\\\/\\\/www.bbidistributions.com\\\/?s={search_term_string}\"},\"query-input\":{\"@type\":\"PropertyValueSpecification\",\"valueRequired\":true,\"valueName\":\"search_term_string\"}}],\"inLanguage\":\"it-IT\"},{\"@type\":\"Organization\",\"@id\":\"https:\\\/\\\/www.bbidistributions.com\\\/#organization\",\"name\":\"BBI Distributions\",\"url\":\"https:\\\/\\\/www.bbidistributions.com\\\/\",\"logo\":{\"@type\":\"ImageObject\",\"inLanguage\":\"it-IT\",\"@id\":\"https:\\\/\\\/www.bbidistributions.com\\\/#\\\/schema\\\/logo\\\/image\\\/\",\"url\":\"https:\\/\\/bbidistributions.com\\/wp-content\\/uploads\\/2022\\/03\\/bbidistributions-facebook-thumb.jpg\",\"contentUrl\":\"https:\\/\\/bbidistributions.com\\/wp-content\\/uploads\\/2022\\/03\\/bbidistributions-facebook-thumb.jpg\",\"width\":1200,\"height\":627,\"caption\":\"BBI Distributions\"},\"image\":{\"@id\":\"https:\\\/\\\/www.bbidistributions.com\\\/#\\\/schema\\\/logo\\\/image\\\/\"}},{\"@type\":\"Person\",\"@id\":\"https:\\\/\\\/www.bbidistributions.com\\\/#\\\/schema\\\/person\\\/932e934c0f539e9ce527c5a642310835\",\"name\":\"arthurn\",\"image\":{\"@type\":\"ImageObject\",\"inLanguage\":\"it-IT\",\"@id\":\"https:\\\/\\\/secure.gravatar.com\\\/avatar\\\/e605ebbc06f5f6eed046c7f53d3d492118355376198029ba8f6a1de272861215?s=96&d=mm&r=g\",\"url\":\"https:\\\/\\\/secure.gravatar.com\\\/avatar\\\/e605ebbc06f5f6eed046c7f53d3d492118355376198029ba8f6a1de272861215?s=96&d=mm&r=g\",\"contentUrl\":\"https:\\\/\\\/secure.gravatar.com\\\/avatar\\\/e605ebbc06f5f6eed046c7f53d3d492118355376198029ba8f6a1de272861215?s=96&d=mm&r=g\",\"caption\":\"arthurn\"},\"sameAs\":[\"https:\\\/\\\/bbidistributions.com\"]}]}<\/script>\n<!-- \/ Yoast SEO plugin. -->","yoast_head_json":{"title":"La nouvelle collection Steve Madden sera pr\u00e9sent\u00e9e au salon du Micam \u00e0 Milan - BBI Distributions","robots":{"index":"index","follow":"follow","max-snippet":"max-snippet:-1","max-image-preview":"max-image-preview:large","max-video-preview":"max-video-preview:-1"},"canonical":"https:\/\/www.bbidistributions.com\/it\/la-nouvelle-collection-steve-madden-sera-presentee-au-salon-du-micam-a-milan\/","og_locale":"it_IT","og_type":"article","og_title":"La nouvelle collection Steve Madden sera pr\u00e9sent\u00e9e au salon du Micam \u00e0 Milan - BBI Distributions","og_description":"La marque Am\u00e9ricaine Steve Madden sera pr\u00e9sente les 15, 16, et 18 septembre \u00e0 Milan \u00e0 l&rsquo;occasion du Micam afin de pr\u00e9sente sa nouvelle collection Printemps-\u00c9t\u00e9 2020. Collection Printemps-\u00c9t\u00e9 2020, Steve Madden\u00ae Qu&rsquo;est ce que le Micam ? La Micam est un salon international bi-annuel d\u00e9di\u00e9 aux professionnels de la chaussure. L&rsquo;\u00e9dition 2020 du salon [&hellip;]","og_url":"https:\/\/www.bbidistributions.com\/it\/la-nouvelle-collection-steve-madden-sera-presentee-au-salon-du-micam-a-milan\/","og_site_name":"BBI Distributions","article_published_time":"2019-09-02T00:00:00+00:00","article_modified_time":"2022-03-25T15:56:13+00:00","og_image":[{"width":1200,"height":627,"url":"https:\/\/mlkclyg2kwdc.i.optimole.com\/w:auto\/h:auto\/q:mauto\/g:sm\/f:best\/ig:avif\/https:\/\/www.bbidistributions.com\/wp-content\/uploads\/2022\/03\/071902_d16e969040844405938c7777b4ecb288mv2.png","type":"image\/png"}],"author":"arthurn","twitter_card":"summary_large_image","twitter_misc":{"Scritto da":"arthurn","Tempo di lettura stimato":"1 minuto"},"schema":{"@context":"https:\/\/schema.org","@graph":[{"@type":"Article","@id":"https:\/\/www.bbidistributions.com\/la-nouvelle-collection-steve-madden-sera-presentee-au-salon-du-micam-a-milan\/#article","isPartOf":{"@id":"https:\/\/www.bbidistributions.com\/la-nouvelle-collection-steve-madden-sera-presentee-au-salon-du-micam-a-milan\/"},"author":{"name":"arthurn","@id":"https:\/\/www.bbidistributions.com\/#\/schema\/person\/932e934c0f539e9ce527c5a642310835"},"headline":"La nouvelle collection Steve Madden sera pr\u00e9sent\u00e9e au salon du Micam \u00e0 Milan","datePublished":"2019-09-02T00:00:00+00:00","dateModified":"2022-03-25T15:56:13+00:00","mainEntityOfPage":{"@id":"https:\/\/www.bbidistributions.com\/la-nouvelle-collection-steve-madden-sera-presentee-au-salon-du-micam-a-milan\/"},"wordCount":293,"commentCount":0,"publisher":{"@id":"https:\/\/www.bbidistributions.com\/#organization"},"image":{"@id":"https:\/\/www.bbidistributions.com\/la-nouvelle-collection-steve-madden-sera-presentee-au-salon-du-micam-a-milan\/#primaryimage"},"thumbnailUrl":"https:\/\/mlkclyg2kwdc.i.optimole.com\/w:auto\/h:auto\/q:mauto\/g:sm\/f:best\/ig:avif\/https:\/\/www.bbidistributions.com\/wp-content\/uploads\/2022\/03\/071902_d16e969040844405938c7777b4ecb288mv2.png","articleSection":["Uncategorized"],"inLanguage":"it-IT","potentialAction":[{"@type":"CommentAction","name":"Comment","target":["https:\/\/www.bbidistributions.com\/la-nouvelle-collection-steve-madden-sera-presentee-au-salon-du-micam-a-milan\/#respond"]}]},{"@type":"WebPage","@id":"https:\/\/www.bbidistributions.com\/la-nouvelle-collection-steve-madden-sera-presentee-au-salon-du-micam-a-milan\/","url":"https:\/\/www.bbidistributions.com\/la-nouvelle-collection-steve-madden-sera-presentee-au-salon-du-micam-a-milan\/","name":"La nouvelle collection Steve Madden sera pr\u00e9sent\u00e9e au salon du Micam \u00e0 Milan - BBI Distributions","isPartOf":{"@id":"https:\/\/www.bbidistributions.com\/#website"},"primaryImageOfPage":{"@id":"https:\/\/www.bbidistributions.com\/la-nouvelle-collection-steve-madden-sera-presentee-au-salon-du-micam-a-milan\/#primaryimage"},"image":{"@id":"https:\/\/www.bbidistributions.com\/la-nouvelle-collection-steve-madden-sera-presentee-au-salon-du-micam-a-milan\/#primaryimage"},"thumbnailUrl":"https:\/\/mlkclyg2kwdc.i.optimole.com\/w:auto\/h:auto\/q:mauto\/g:sm\/f:best\/ig:avif\/https:\/\/www.bbidistributions.com\/wp-content\/uploads\/2022\/03\/071902_d16e969040844405938c7777b4ecb288mv2.png","datePublished":"2019-09-02T00:00:00+00:00","dateModified":"2022-03-25T15:56:13+00:00","breadcrumb":{"@id":"https:\/\/www.bbidistributions.com\/la-nouvelle-collection-steve-madden-sera-presentee-au-salon-du-micam-a-milan\/#breadcrumb"},"inLanguage":"it-IT","potentialAction":[{"@type":"ReadAction","target":["https:\/\/www.bbidistributions.com\/la-nouvelle-collection-steve-madden-sera-presentee-au-salon-du-micam-a-milan\/"]}]},{"@type":"ImageObject","inLanguage":"it-IT","@id":"https:\/\/www.bbidistributions.com\/la-nouvelle-collection-steve-madden-sera-presentee-au-salon-du-micam-a-milan\/#primaryimage","url":"https:\/\/mlkclyg2kwdc.i.optimole.com\/w:auto\/h:auto\/q:mauto\/g:sm\/f:best\/ig:avif\/https:\/\/www.bbidistributions.com\/wp-content\/uploads\/2022\/03\/071902_d16e969040844405938c7777b4ecb288mv2.png","contentUrl":"https:\/\/mlkclyg2kwdc.i.optimole.com\/w:auto\/h:auto\/q:mauto\/g:sm\/f:best\/ig:avif\/https:\/\/www.bbidistributions.com\/wp-content\/uploads\/2022\/03\/071902_d16e969040844405938c7777b4ecb288mv2.png","width":1200,"height":627},{"@type":"BreadcrumbList","@id":"https:\/\/www.bbidistributions.com\/la-nouvelle-collection-steve-madden-sera-presentee-au-salon-du-micam-a-milan\/#breadcrumb","itemListElement":[{"@type":"ListItem","position":1,"name":"Accueil","item":"https:\/\/www.bbidistributions.com\/"},{"@type":"ListItem","position":2,"name":"La nouvelle collection Steve Madden sera pr\u00e9sent\u00e9e au salon du Micam \u00e0 Milan"}]},{"@type":"WebSite","@id":"https:\/\/www.bbidistributions.com\/#website","url":"https:\/\/www.bbidistributions.com\/","name":"BBI Distributions","description":"","publisher":{"@id":"https:\/\/www.bbidistributions.com\/#organization"},"potentialAction":[{"@type":"SearchAction","target":{"@type":"EntryPoint","urlTemplate":"https:\/\/www.bbidistributions.com\/?s={search_term_string}"},"query-input":{"@type":"PropertyValueSpecification","valueRequired":true,"valueName":"search_term_string"}}],"inLanguage":"it-IT"},{"@type":"Organization","@id":"https:\/\/www.bbidistributions.com\/#organization","name":"BBI Distributions","url":"https:\/\/www.bbidistributions.com\/","logo":{"@type":"ImageObject","inLanguage":"it-IT","@id":"https:\/\/www.bbidistributions.com\/#\/schema\/logo\/image\/","url":"https:\/\/mlkclyg2kwdc.i.optimole.com\/w:auto\/h:auto\/q:mauto\/g:sm\/f:best\/ig:avif\/https:\/\/bbidistributions.com\/wp-content\/uploads\/2022\/03\/bbidistributions-facebook-thumb.jpg","contentUrl":"https:\/\/mlkclyg2kwdc.i.optimole.com\/w:auto\/h:auto\/q:mauto\/g:sm\/f:best\/ig:avif\/https:\/\/bbidistributions.com\/wp-content\/uploads\/2022\/03\/bbidistributions-facebook-thumb.jpg","width":1200,"height":627,"caption":"BBI Distributions"},"image":{"@id":"https:\/\/www.bbidistributions.com\/#\/schema\/logo\/image\/"}},{"@type":"Person","@id":"https:\/\/www.bbidistributions.com\/#\/schema\/person\/932e934c0f539e9ce527c5a642310835","name":"arthurn","image":{"@type":"ImageObject","inLanguage":"it-IT","@id":"https:\/\/secure.gravatar.com\/avatar\/e605ebbc06f5f6eed046c7f53d3d492118355376198029ba8f6a1de272861215?s=96&d=mm&r=g","url":"https:\/\/secure.gravatar.com\/avatar\/e605ebbc06f5f6eed046c7f53d3d492118355376198029ba8f6a1de272861215?s=96&d=mm&r=g","contentUrl":"https:\/\/secure.gravatar.com\/avatar\/e605ebbc06f5f6eed046c7f53d3d492118355376198029ba8f6a1de272861215?s=96&d=mm&r=g","caption":"arthurn"},"sameAs":["https:\/\/bbidistributions.com"]}]}},"_links":{"self":[{"href":"https:\/\/www.bbidistributions.com\/it\/wp-json\/wp\/v2\/posts\/51","targetHints":{"allow":["GET"]}}],"collection":[{"href":"https:\/\/www.bbidistributions.com\/it\/wp-json\/wp\/v2\/posts"}],"about":[{"href":"https:\/\/www.bbidistributions.com\/it\/wp-json\/wp\/v2\/types\/post"}],"author":[{"embeddable":true,"href":"https:\/\/www.bbidistributions.com\/it\/wp-json\/wp\/v2\/users\/1"}],"replies":[{"embeddable":true,"href":"https:\/\/www.bbidistributions.com\/it\/wp-json\/wp\/v2\/comments?post=51"}],"version-history":[{"count":0,"href":"https:\/\/www.bbidistributions.com\/it\/wp-json\/wp\/v2\/posts\/51\/revisions"}],"wp:featuredmedia":[{"embeddable":true,"href":"https:\/\/www.bbidistributions.com\/it\/wp-json\/wp\/v2\/media\/106"}],"wp:attachment":[{"href":"https:\/\/www.bbidistributions.com\/it\/wp-json\/wp\/v2\/media?parent=51"}],"wp:term":[{"taxonomy":"category","embeddable":true,"href":"https:\/\/www.bbidistributions.com\/it\/wp-json\/wp\/v2\/categories?post=51"},{"taxonomy":"post_tag","embeddable":true,"href":"https:\/\/www.bbidistributions.com\/it\/wp-json\/wp\/v2\/tags?post=51"}],"curies":[{"name":"wp","href":"https:\/\/api.w.org\/{rel}","templated":true}]}}