{"id":44,"date":"2021-08-03T00:00:00","date_gmt":"2021-08-03T00:00:00","guid":{"rendered":"https:\/\/bbidistributions.com\/2022\/03\/24\/nouvelle-collection-bernie-mev-printemps-ete-et-salons-2022\/"},"modified":"2022-03-25T16:43:55","modified_gmt":"2022-03-25T15:43:55","slug":"nouvelle-collection-bernie-mev-printemps-ete-et-salons-2022","status":"publish","type":"post","link":"https:\/\/www.bbidistributions.com\/it\/nouvelle-collection-bernie-mev-printemps-ete-et-salons-2022\/","title":{"rendered":"La nuova collezione primavera-estate di Bernie Mev e le fiere del 2022"},"content":{"rendered":"<p>La nuova collezione primavera-estate 2022 di Bernie Mev sar\u00e0 presentata a breve.<\/p>\n<p>Bernie Mev sar\u00e0 presente al Crecendo di Parigi il 19, 20 e 21 settembre 2021 allo stand D13.<\/p>\n<p>Siete un professionista che vuole rivendere il marchio?<\/p>\n<p>In caso di domande, non esitate a contattarci telefonicamente al numero +33 4 91 71 23 29 o per e-mail all'indirizzo <a href=\"mailto:martin@bbidistributions.com\">martin@bbidistributions.com<\/a>.<\/p>\n<p>Distribuzioni BBI<\/p>","protected":false},"excerpt":{"rendered":"<p>La nuova collezione primavera-estate 2022 di Bernie Mev sar\u00e0 presentata a breve. Bernie Mev sar\u00e0 presente al Crecendo di Parigi il 19, 20 e 21 settembre 2021 allo stand D13. Siete professionisti che desiderano rivendere il marchio? Se desiderate maggiori informazioni, chiamateci al +33 4 91 [...].<\/p>","protected":false},"author":1,"featured_media":99,"comment_status":"open","ping_status":"open","sticky":false,"template":"","format":"standard","meta":{"footnotes":""},"categories":[1],"tags":[],"class_list":["post-44","post","type-post","status-publish","format-standard","has-post-thumbnail","hentry","category-uncategorized"],"yoast_head":"<!-- This site is optimized with the Yoast SEO plugin v27.5 - https:\/\/yoast.com\/product\/yoast-seo-wordpress\/ -->\n<title>Nouvelle collection Bernie Mev Printemps-\u00c9t\u00e9 et salons 2022 - BBI Distributions<\/title>\n<meta name=\"robots\" content=\"index, follow, max-snippet:-1, max-image-preview:large, max-video-preview:-1\" \/>\n<link rel=\"canonical\" href=\"https:\/\/www.bbidistributions.com\/it\/nouvelle-collection-bernie-mev-printemps-ete-et-salons-2022\/\" \/>\n<meta property=\"og:locale\" content=\"it_IT\" \/>\n<meta property=\"og:type\" content=\"article\" \/>\n<meta property=\"og:title\" content=\"Nouvelle collection Bernie Mev Printemps-\u00c9t\u00e9 et salons 2022 - BBI Distributions\" \/>\n<meta property=\"og:description\" content=\"La nouvelle collection Printemps-\u00c9t\u00e9 2022 par Bernie Mev sera pr\u00e9sent\u00e9e prochainement. Bernie Mev sera pr\u00e9sent\u00e9e au salon Crecendo \u00e0 Paris les 19, 20 et 21 septembre 2021 au stand D13. Vous \u00eates un professionnel, vous souhaitez revendre la marque ? Pour toute demande d\u2019information, n\u2019h\u00e9sitez pas \u00e0 nous contacter par t\u00e9l\u00e9phone au +33 4 91 [&hellip;]\" \/>\n<meta property=\"og:url\" content=\"https:\/\/www.bbidistributions.com\/it\/nouvelle-collection-bernie-mev-printemps-ete-et-salons-2022\/\" \/>\n<meta property=\"og:site_name\" content=\"BBI Distributions\" \/>\n<meta property=\"article:published_time\" content=\"2021-08-03T00:00:00+00:00\" \/>\n<meta property=\"article:modified_time\" content=\"2022-03-25T15:43:55+00:00\" \/>\n<meta property=\"og:image\" content=\"https:\/\/mlkclyg2kwdc.i.optimole.com\/w:auto\/h:auto\/q:mauto\/g:sm\/f:best\/ig:avif\/https:\/\/www.bbidistributions.com\/wp-content\/uploads\/2022\/03\/3f1582_4d0cc4fc7b8a473da74dd4ca8e30337bmv2.jpg\" \/>\n\t<meta property=\"og:image:width\" content=\"1200\" \/>\n\t<meta property=\"og:image:height\" content=\"628\" \/>\n\t<meta property=\"og:image:type\" content=\"image\/jpeg\" \/>\n<meta name=\"author\" content=\"arthurn\" \/>\n<meta name=\"twitter:card\" content=\"summary_large_image\" \/>\n<meta name=\"twitter:label1\" content=\"Scritto da\" \/>\n\t<meta name=\"twitter:data1\" content=\"arthurn\" \/>\n<script type=\"application\/ld+json\" class=\"yoast-schema-graph\">{\"@context\":\"https:\\\/\\\/schema.org\",\"@graph\":[{\"@type\":\"Article\",\"@id\":\"https:\\\/\\\/www.bbidistributions.com\\\/nouvelle-collection-bernie-mev-printemps-ete-et-salons-2022\\\/#article\",\"isPartOf\":{\"@id\":\"https:\\\/\\\/www.bbidistributions.com\\\/nouvelle-collection-bernie-mev-printemps-ete-et-salons-2022\\\/\"},\"author\":{\"name\":\"arthurn\",\"@id\":\"https:\\\/\\\/www.bbidistributions.com\\\/#\\\/schema\\\/person\\\/932e934c0f539e9ce527c5a642310835\"},\"headline\":\"Nouvelle collection Bernie Mev Printemps-\u00c9t\u00e9 et salons 2022\",\"datePublished\":\"2021-08-03T00:00:00+00:00\",\"dateModified\":\"2022-03-25T15:43:55+00:00\",\"mainEntityOfPage\":{\"@id\":\"https:\\\/\\\/www.bbidistributions.com\\\/nouvelle-collection-bernie-mev-printemps-ete-et-salons-2022\\\/\"},\"wordCount\":70,\"commentCount\":0,\"publisher\":{\"@id\":\"https:\\\/\\\/www.bbidistributions.com\\\/#organization\"},\"image\":{\"@id\":\"https:\\\/\\\/www.bbidistributions.com\\\/nouvelle-collection-bernie-mev-printemps-ete-et-salons-2022\\\/#primaryimage\"},\"thumbnailUrl\":\"https:\\/\\/www.bbidistributions.com\\/wp-content\\/uploads\\/2022\\/03\\/3f1582_4d0cc4fc7b8a473da74dd4ca8e30337bmv2.jpg\",\"articleSection\":[\"Uncategorized\"],\"inLanguage\":\"it-IT\",\"potentialAction\":[{\"@type\":\"CommentAction\",\"name\":\"Comment\",\"target\":[\"https:\\\/\\\/www.bbidistributions.com\\\/nouvelle-collection-bernie-mev-printemps-ete-et-salons-2022\\\/#respond\"]}]},{\"@type\":\"WebPage\",\"@id\":\"https:\\\/\\\/www.bbidistributions.com\\\/nouvelle-collection-bernie-mev-printemps-ete-et-salons-2022\\\/\",\"url\":\"https:\\\/\\\/www.bbidistributions.com\\\/nouvelle-collection-bernie-mev-printemps-ete-et-salons-2022\\\/\",\"name\":\"Nouvelle collection Bernie Mev Printemps-\u00c9t\u00e9 et salons 2022 - BBI Distributions\",\"isPartOf\":{\"@id\":\"https:\\\/\\\/www.bbidistributions.com\\\/#website\"},\"primaryImageOfPage\":{\"@id\":\"https:\\\/\\\/www.bbidistributions.com\\\/nouvelle-collection-bernie-mev-printemps-ete-et-salons-2022\\\/#primaryimage\"},\"image\":{\"@id\":\"https:\\\/\\\/www.bbidistributions.com\\\/nouvelle-collection-bernie-mev-printemps-ete-et-salons-2022\\\/#primaryimage\"},\"thumbnailUrl\":\"https:\\/\\/www.bbidistributions.com\\/wp-content\\/uploads\\/2022\\/03\\/3f1582_4d0cc4fc7b8a473da74dd4ca8e30337bmv2.jpg\",\"datePublished\":\"2021-08-03T00:00:00+00:00\",\"dateModified\":\"2022-03-25T15:43:55+00:00\",\"breadcrumb\":{\"@id\":\"https:\\\/\\\/www.bbidistributions.com\\\/nouvelle-collection-bernie-mev-printemps-ete-et-salons-2022\\\/#breadcrumb\"},\"inLanguage\":\"it-IT\",\"potentialAction\":[{\"@type\":\"ReadAction\",\"target\":[\"https:\\\/\\\/www.bbidistributions.com\\\/nouvelle-collection-bernie-mev-printemps-ete-et-salons-2022\\\/\"]}]},{\"@type\":\"ImageObject\",\"inLanguage\":\"it-IT\",\"@id\":\"https:\\\/\\\/www.bbidistributions.com\\\/nouvelle-collection-bernie-mev-printemps-ete-et-salons-2022\\\/#primaryimage\",\"url\":\"https:\\/\\/www.bbidistributions.com\\/wp-content\\/uploads\\/2022\\/03\\/3f1582_4d0cc4fc7b8a473da74dd4ca8e30337bmv2.jpg\",\"contentUrl\":\"https:\\/\\/www.bbidistributions.com\\/wp-content\\/uploads\\/2022\\/03\\/3f1582_4d0cc4fc7b8a473da74dd4ca8e30337bmv2.jpg\",\"width\":1200,\"height\":628},{\"@type\":\"BreadcrumbList\",\"@id\":\"https:\\\/\\\/www.bbidistributions.com\\\/nouvelle-collection-bernie-mev-printemps-ete-et-salons-2022\\\/#breadcrumb\",\"itemListElement\":[{\"@type\":\"ListItem\",\"position\":1,\"name\":\"Accueil\",\"item\":\"https:\\\/\\\/www.bbidistributions.com\\\/\"},{\"@type\":\"ListItem\",\"position\":2,\"name\":\"Nouvelle collection Bernie Mev Printemps-\u00c9t\u00e9 et salons 2022\"}]},{\"@type\":\"WebSite\",\"@id\":\"https:\\\/\\\/www.bbidistributions.com\\\/#website\",\"url\":\"https:\\\/\\\/www.bbidistributions.com\\\/\",\"name\":\"BBI Distributions\",\"description\":\"\",\"publisher\":{\"@id\":\"https:\\\/\\\/www.bbidistributions.com\\\/#organization\"},\"potentialAction\":[{\"@type\":\"SearchAction\",\"target\":{\"@type\":\"EntryPoint\",\"urlTemplate\":\"https:\\\/\\\/www.bbidistributions.com\\\/?s={search_term_string}\"},\"query-input\":{\"@type\":\"PropertyValueSpecification\",\"valueRequired\":true,\"valueName\":\"search_term_string\"}}],\"inLanguage\":\"it-IT\"},{\"@type\":\"Organization\",\"@id\":\"https:\\\/\\\/www.bbidistributions.com\\\/#organization\",\"name\":\"BBI Distributions\",\"url\":\"https:\\\/\\\/www.bbidistributions.com\\\/\",\"logo\":{\"@type\":\"ImageObject\",\"inLanguage\":\"it-IT\",\"@id\":\"https:\\\/\\\/www.bbidistributions.com\\\/#\\\/schema\\\/logo\\\/image\\\/\",\"url\":\"https:\\/\\/bbidistributions.com\\/wp-content\\/uploads\\/2022\\/03\\/bbidistributions-facebook-thumb.jpg\",\"contentUrl\":\"https:\\/\\/bbidistributions.com\\/wp-content\\/uploads\\/2022\\/03\\/bbidistributions-facebook-thumb.jpg\",\"width\":1200,\"height\":627,\"caption\":\"BBI Distributions\"},\"image\":{\"@id\":\"https:\\\/\\\/www.bbidistributions.com\\\/#\\\/schema\\\/logo\\\/image\\\/\"}},{\"@type\":\"Person\",\"@id\":\"https:\\\/\\\/www.bbidistributions.com\\\/#\\\/schema\\\/person\\\/932e934c0f539e9ce527c5a642310835\",\"name\":\"arthurn\",\"image\":{\"@type\":\"ImageObject\",\"inLanguage\":\"it-IT\",\"@id\":\"https:\\\/\\\/secure.gravatar.com\\\/avatar\\\/e605ebbc06f5f6eed046c7f53d3d492118355376198029ba8f6a1de272861215?s=96&d=mm&r=g\",\"url\":\"https:\\\/\\\/secure.gravatar.com\\\/avatar\\\/e605ebbc06f5f6eed046c7f53d3d492118355376198029ba8f6a1de272861215?s=96&d=mm&r=g\",\"contentUrl\":\"https:\\\/\\\/secure.gravatar.com\\\/avatar\\\/e605ebbc06f5f6eed046c7f53d3d492118355376198029ba8f6a1de272861215?s=96&d=mm&r=g\",\"caption\":\"arthurn\"},\"sameAs\":[\"https:\\\/\\\/bbidistributions.com\"]}]}<\/script>\n<!-- \/ Yoast SEO plugin. -->","yoast_head_json":{"title":"Nouvelle collection Bernie Mev Printemps-\u00c9t\u00e9 et salons 2022 - BBI Distributions","robots":{"index":"index","follow":"follow","max-snippet":"max-snippet:-1","max-image-preview":"max-image-preview:large","max-video-preview":"max-video-preview:-1"},"canonical":"https:\/\/www.bbidistributions.com\/it\/nouvelle-collection-bernie-mev-printemps-ete-et-salons-2022\/","og_locale":"it_IT","og_type":"article","og_title":"Nouvelle collection Bernie Mev Printemps-\u00c9t\u00e9 et salons 2022 - BBI Distributions","og_description":"La nouvelle collection Printemps-\u00c9t\u00e9 2022 par Bernie Mev sera pr\u00e9sent\u00e9e prochainement. Bernie Mev sera pr\u00e9sent\u00e9e au salon Crecendo \u00e0 Paris les 19, 20 et 21 septembre 2021 au stand D13. Vous \u00eates un professionnel, vous souhaitez revendre la marque ? Pour toute demande d\u2019information, n\u2019h\u00e9sitez pas \u00e0 nous contacter par t\u00e9l\u00e9phone au +33 4 91 [&hellip;]","og_url":"https:\/\/www.bbidistributions.com\/it\/nouvelle-collection-bernie-mev-printemps-ete-et-salons-2022\/","og_site_name":"BBI Distributions","article_published_time":"2021-08-03T00:00:00+00:00","article_modified_time":"2022-03-25T15:43:55+00:00","og_image":[{"width":1200,"height":628,"url":"https:\/\/mlkclyg2kwdc.i.optimole.com\/w:auto\/h:auto\/q:mauto\/g:sm\/f:best\/ig:avif\/https:\/\/www.bbidistributions.com\/wp-content\/uploads\/2022\/03\/3f1582_4d0cc4fc7b8a473da74dd4ca8e30337bmv2.jpg","type":"image\/jpeg"}],"author":"arthurn","twitter_card":"summary_large_image","twitter_misc":{"Scritto da":"arthurn"},"schema":{"@context":"https:\/\/schema.org","@graph":[{"@type":"Article","@id":"https:\/\/www.bbidistributions.com\/nouvelle-collection-bernie-mev-printemps-ete-et-salons-2022\/#article","isPartOf":{"@id":"https:\/\/www.bbidistributions.com\/nouvelle-collection-bernie-mev-printemps-ete-et-salons-2022\/"},"author":{"name":"arthurn","@id":"https:\/\/www.bbidistributions.com\/#\/schema\/person\/932e934c0f539e9ce527c5a642310835"},"headline":"Nouvelle collection Bernie Mev Printemps-\u00c9t\u00e9 et salons 2022","datePublished":"2021-08-03T00:00:00+00:00","dateModified":"2022-03-25T15:43:55+00:00","mainEntityOfPage":{"@id":"https:\/\/www.bbidistributions.com\/nouvelle-collection-bernie-mev-printemps-ete-et-salons-2022\/"},"wordCount":70,"commentCount":0,"publisher":{"@id":"https:\/\/www.bbidistributions.com\/#organization"},"image":{"@id":"https:\/\/www.bbidistributions.com\/nouvelle-collection-bernie-mev-printemps-ete-et-salons-2022\/#primaryimage"},"thumbnailUrl":"https:\/\/mlkclyg2kwdc.i.optimole.com\/w:auto\/h:auto\/q:mauto\/g:sm\/f:best\/ig:avif\/https:\/\/www.bbidistributions.com\/wp-content\/uploads\/2022\/03\/3f1582_4d0cc4fc7b8a473da74dd4ca8e30337bmv2.jpg","articleSection":["Uncategorized"],"inLanguage":"it-IT","potentialAction":[{"@type":"CommentAction","name":"Comment","target":["https:\/\/www.bbidistributions.com\/nouvelle-collection-bernie-mev-printemps-ete-et-salons-2022\/#respond"]}]},{"@type":"WebPage","@id":"https:\/\/www.bbidistributions.com\/nouvelle-collection-bernie-mev-printemps-ete-et-salons-2022\/","url":"https:\/\/www.bbidistributions.com\/nouvelle-collection-bernie-mev-printemps-ete-et-salons-2022\/","name":"Nouvelle collection Bernie Mev Printemps-\u00c9t\u00e9 et salons 2022 - BBI Distributions","isPartOf":{"@id":"https:\/\/www.bbidistributions.com\/#website"},"primaryImageOfPage":{"@id":"https:\/\/www.bbidistributions.com\/nouvelle-collection-bernie-mev-printemps-ete-et-salons-2022\/#primaryimage"},"image":{"@id":"https:\/\/www.bbidistributions.com\/nouvelle-collection-bernie-mev-printemps-ete-et-salons-2022\/#primaryimage"},"thumbnailUrl":"https:\/\/mlkclyg2kwdc.i.optimole.com\/w:auto\/h:auto\/q:mauto\/g:sm\/f:best\/ig:avif\/https:\/\/www.bbidistributions.com\/wp-content\/uploads\/2022\/03\/3f1582_4d0cc4fc7b8a473da74dd4ca8e30337bmv2.jpg","datePublished":"2021-08-03T00:00:00+00:00","dateModified":"2022-03-25T15:43:55+00:00","breadcrumb":{"@id":"https:\/\/www.bbidistributions.com\/nouvelle-collection-bernie-mev-printemps-ete-et-salons-2022\/#breadcrumb"},"inLanguage":"it-IT","potentialAction":[{"@type":"ReadAction","target":["https:\/\/www.bbidistributions.com\/nouvelle-collection-bernie-mev-printemps-ete-et-salons-2022\/"]}]},{"@type":"ImageObject","inLanguage":"it-IT","@id":"https:\/\/www.bbidistributions.com\/nouvelle-collection-bernie-mev-printemps-ete-et-salons-2022\/#primaryimage","url":"https:\/\/mlkclyg2kwdc.i.optimole.com\/w:auto\/h:auto\/q:mauto\/g:sm\/f:best\/ig:avif\/https:\/\/www.bbidistributions.com\/wp-content\/uploads\/2022\/03\/3f1582_4d0cc4fc7b8a473da74dd4ca8e30337bmv2.jpg","contentUrl":"https:\/\/mlkclyg2kwdc.i.optimole.com\/w:auto\/h:auto\/q:mauto\/g:sm\/f:best\/ig:avif\/https:\/\/www.bbidistributions.com\/wp-content\/uploads\/2022\/03\/3f1582_4d0cc4fc7b8a473da74dd4ca8e30337bmv2.jpg","width":1200,"height":628},{"@type":"BreadcrumbList","@id":"https:\/\/www.bbidistributions.com\/nouvelle-collection-bernie-mev-printemps-ete-et-salons-2022\/#breadcrumb","itemListElement":[{"@type":"ListItem","position":1,"name":"Accueil","item":"https:\/\/www.bbidistributions.com\/"},{"@type":"ListItem","position":2,"name":"Nouvelle collection Bernie Mev Printemps-\u00c9t\u00e9 et salons 2022"}]},{"@type":"WebSite","@id":"https:\/\/www.bbidistributions.com\/#website","url":"https:\/\/www.bbidistributions.com\/","name":"BBI Distributions","description":"","publisher":{"@id":"https:\/\/www.bbidistributions.com\/#organization"},"potentialAction":[{"@type":"SearchAction","target":{"@type":"EntryPoint","urlTemplate":"https:\/\/www.bbidistributions.com\/?s={search_term_string}"},"query-input":{"@type":"PropertyValueSpecification","valueRequired":true,"valueName":"search_term_string"}}],"inLanguage":"it-IT"},{"@type":"Organization","@id":"https:\/\/www.bbidistributions.com\/#organization","name":"BBI Distributions","url":"https:\/\/www.bbidistributions.com\/","logo":{"@type":"ImageObject","inLanguage":"it-IT","@id":"https:\/\/www.bbidistributions.com\/#\/schema\/logo\/image\/","url":"https:\/\/mlkclyg2kwdc.i.optimole.com\/w:auto\/h:auto\/q:mauto\/g:sm\/f:best\/ig:avif\/https:\/\/bbidistributions.com\/wp-content\/uploads\/2022\/03\/bbidistributions-facebook-thumb.jpg","contentUrl":"https:\/\/mlkclyg2kwdc.i.optimole.com\/w:auto\/h:auto\/q:mauto\/g:sm\/f:best\/ig:avif\/https:\/\/bbidistributions.com\/wp-content\/uploads\/2022\/03\/bbidistributions-facebook-thumb.jpg","width":1200,"height":627,"caption":"BBI Distributions"},"image":{"@id":"https:\/\/www.bbidistributions.com\/#\/schema\/logo\/image\/"}},{"@type":"Person","@id":"https:\/\/www.bbidistributions.com\/#\/schema\/person\/932e934c0f539e9ce527c5a642310835","name":"arthurn","image":{"@type":"ImageObject","inLanguage":"it-IT","@id":"https:\/\/secure.gravatar.com\/avatar\/e605ebbc06f5f6eed046c7f53d3d492118355376198029ba8f6a1de272861215?s=96&d=mm&r=g","url":"https:\/\/secure.gravatar.com\/avatar\/e605ebbc06f5f6eed046c7f53d3d492118355376198029ba8f6a1de272861215?s=96&d=mm&r=g","contentUrl":"https:\/\/secure.gravatar.com\/avatar\/e605ebbc06f5f6eed046c7f53d3d492118355376198029ba8f6a1de272861215?s=96&d=mm&r=g","caption":"arthurn"},"sameAs":["https:\/\/bbidistributions.com"]}]}},"_links":{"self":[{"href":"https:\/\/www.bbidistributions.com\/it\/wp-json\/wp\/v2\/posts\/44","targetHints":{"allow":["GET"]}}],"collection":[{"href":"https:\/\/www.bbidistributions.com\/it\/wp-json\/wp\/v2\/posts"}],"about":[{"href":"https:\/\/www.bbidistributions.com\/it\/wp-json\/wp\/v2\/types\/post"}],"author":[{"embeddable":true,"href":"https:\/\/www.bbidistributions.com\/it\/wp-json\/wp\/v2\/users\/1"}],"replies":[{"embeddable":true,"href":"https:\/\/www.bbidistributions.com\/it\/wp-json\/wp\/v2\/comments?post=44"}],"version-history":[{"count":0,"href":"https:\/\/www.bbidistributions.com\/it\/wp-json\/wp\/v2\/posts\/44\/revisions"}],"wp:featuredmedia":[{"embeddable":true,"href":"https:\/\/www.bbidistributions.com\/it\/wp-json\/wp\/v2\/media\/99"}],"wp:attachment":[{"href":"https:\/\/www.bbidistributions.com\/it\/wp-json\/wp\/v2\/media?parent=44"}],"wp:term":[{"taxonomy":"category","embeddable":true,"href":"https:\/\/www.bbidistributions.com\/it\/wp-json\/wp\/v2\/categories?post=44"},{"taxonomy":"post_tag","embeddable":true,"href":"https:\/\/www.bbidistributions.com\/it\/wp-json\/wp\/v2\/tags?post=44"}],"curies":[{"name":"wp","href":"https:\/\/api.w.org\/{rel}","templated":true}]}}