{"id":47,"date":"2020-02-12T00:00:00","date_gmt":"2020-02-12T00:00:00","guid":{"rendered":"https:\/\/bbidistributions.com\/2022\/03\/24\/steve-madden-au-micam-2020\/"},"modified":"2022-03-25T16:46:24","modified_gmt":"2022-03-25T15:46:24","slug":"steve-madden-au-micam-2020","status":"publish","type":"post","link":"https:\/\/www.bbidistributions.com\/es\/steve-madden-au-micam-2020\/","title":{"rendered":"Steve Madden en Micam 2020"},"content":{"rendered":"<p id=\"viewer-foo\" class=\"mm8Nw _1j-51 iWv3d _1FoOD _3M0Fe aujbK iWv3d public-DraftStyleDefault-block-depth0 fixed-tab-size public-DraftStyleDefault-text-ltr\"><span class=\"_2PHJq public-DraftStyleDefault-ltr\">Un a\u00f1o m\u00e1s, <strong>Steve Madden<\/strong> estar\u00e1 en el MICAM del 16 al 19 de febrero. Estaremos en <strong>Pabell\u00f3n 2, stand H28 H30 K40 K46<\/strong>.<\/span><\/p>\n<ul class=\"public-DraftStyleDefault-ul\">\n<li id=\"viewer-2ffv1\" class=\"iWv3d xVLwT _3Kjjs public-DraftStyleDefault-unorderedListItem public-DraftStyleDefault-depth0 public-DraftStyleDefault-list-ltr fixed-tab-size public-DraftStyleDefault-reset _1FoOD _3M0Fe aujbK iWv3d\">\n<p class=\"_1j-51 _1FoOD _3M0Fe aujbK iWv3d\">\u00bfQu\u00e9 es la <strong>MICAM<\/strong> ?<\/p>\n<\/li>\n<\/ul>\n<p id=\"viewer-795ku\" class=\"mm8Nw _1j-51 iWv3d _1FoOD _3M0Fe aujbK iWv3d public-DraftStyleDefault-block-depth0 fixed-tab-size public-DraftStyleDefault-text-ltr\"><span class=\"_2PHJq public-DraftStyleDefault-ltr\">La principal exposici\u00f3n internacional del <strong>zapato<\/strong>MICAM Milano es un acontecimiento \u00fanico en su g\u00e9nero, con m\u00e1s de 100.000 visitantes. <strong>1700 colecciones<\/strong> un acontecimiento del calzado que combina con \u00e9xito los negocios y la moda.<\/span><\/p>\n<p id=\"viewer-fcs6n\" class=\"mm8Nw _1j-51 iWv3d _1FoOD _3M0Fe aujbK iWv3d public-DraftStyleDefault-block-depth0 fixed-tab-size public-DraftStyleDefault-text-ltr\"><span class=\"_2PHJq public-DraftStyleDefault-ltr\">El acontecimiento se celebra dos veces al a\u00f1o, en febrero y septiembre, en el distrito ferial de <strong>Feria de Mil\u00e1n Rho<\/strong>. En la pr\u00f3xima cita se presentar\u00e1n las colecciones de oto\u00f1o\/invierno 2020. <\/span><\/p>\n<p id=\"viewer-8jni\" class=\"mm8Nw _1j-51 iWv3d _1FoOD _3M0Fe aujbK iWv3d public-DraftStyleDefault-block-depth0 fixed-tab-size public-DraftStyleDefault-text-ltr\"><span class=\"_2PHJq public-DraftStyleDefault-ltr\">La muestra ocupa una superficie de exposici\u00f3n de unos <strong>60.000 metros cuadrados<\/strong>da la bienvenida a <strong>45.000 visitantes<\/strong> por edici\u00f3n y <strong>1.400 empresas<\/strong> de los cuales m\u00e1s de 650 son internacionales. En conjunto, representan a m\u00e1s de 30 pa\u00edses diferentes.<\/span><\/p>\n<p id=\"viewer-fq3ng\" class=\"mm8Nw _1j-51 iWv3d _1FoOD _3M0Fe aujbK iWv3d public-DraftStyleDefault-block-depth0 fixed-tab-size public-DraftStyleDefault-text-ltr\"><span class=\"_2PHJq public-DraftStyleDefault-ltr\">MICAM es el acontecimiento insignia de la <strong>profesionales del sector<\/strong> de todo el mundo.<\/span><\/p>\n<ul class=\"public-DraftStyleDefault-ul\">\n<li id=\"viewer-3lesk\" class=\"iWv3d xVLwT _3Kjjs public-DraftStyleDefault-unorderedListItem public-DraftStyleDefault-depth0 public-DraftStyleDefault-list-ltr fixed-tab-size public-DraftStyleDefault-reset _1FoOD _3M0Fe aujbK iWv3d\">\n<p class=\"_1j-51 _1FoOD _3M0Fe aujbK iWv3d\">\u00bfD\u00f3nde es el espect\u00e1culo?<\/p>\n<\/li>\n<\/ul>\n<p id=\"viewer-77rmn\" class=\"mm8Nw _1j-51 iWv3d _1FoOD _3M0Fe aujbK iWv3d public-DraftStyleDefault-block-depth0 fixed-tab-size public-DraftStyleDefault-text-ltr\"><span class=\"_2PHJq public-DraftStyleDefault-ltr\"><u class=\"_3zM-5\">FIERAMILANO S.P.A STRADA STATALE DEL SEMPIONE 28 20017 RHO (MIL\u00c1N)<\/u><\/span><\/p>\n<ul class=\"public-DraftStyleDefault-ul\">\n<li id=\"viewer-7rfq4\" class=\"iWv3d xVLwT _3Kjjs public-DraftStyleDefault-unorderedListItem public-DraftStyleDefault-depth0 public-DraftStyleDefault-list-ltr fixed-tab-size public-DraftStyleDefault-reset _1FoOD _3M0Fe aujbK iWv3d\">\n<p class=\"_1j-51 _1FoOD _3M0Fe aujbK iWv3d\">P\u00f3ngase en contacto con nosotros en<\/p>\n<\/li>\n<\/ul>\n<p id=\"viewer-81s5b\" class=\"mm8Nw _1j-51 iWv3d _1FoOD _3M0Fe aujbK iWv3d public-DraftStyleDefault-block-depth0 fixed-tab-size public-DraftStyleDefault-text-ltr\"><span class=\"_2PHJq public-DraftStyleDefault-ltr\"><strong>Philippe Aguad : <\/strong>+33 6 19 37 28 33 <\/span><\/p>\n<p id=\"viewer-903lt\" class=\"mm8Nw _1j-51 iWv3d _1FoOD _3M0Fe aujbK iWv3d public-DraftStyleDefault-block-depth0 fixed-tab-size public-DraftStyleDefault-text-ltr\"><span class=\"_2PHJq public-DraftStyleDefault-ltr\"><strong>Martin Philippon :<\/strong> +33 6 50 29 29 74<\/span><\/p>\n<p id=\"viewer-95dnk\" class=\"mm8Nw _1j-51 iWv3d _1FoOD _3M0Fe aujbK iWv3d public-DraftStyleDefault-block-depth0 fixed-tab-size public-DraftStyleDefault-text-ltr\"><span class=\"_2PHJq public-DraftStyleDefault-ltr\"><strong>M\u00e9lanie Aguad :<\/strong> +33 6 34 04 65 03<\/span><\/p>","protected":false},"excerpt":{"rendered":"<p>Un a\u00f1o m\u00e1s, Steve Madden estar\u00e1 presente en MICAM del 16 al 19 de febrero. Estaremos en el pabell\u00f3n 2, stand H28 H30 K40 K46. \u00bfQu\u00e9 es MICAM? MICAM Milano, la feria internacional l\u00edder para la industria del calzado, es un evento \u00fanico con m\u00e1s de 1.700 colecciones de zapatos [...].<\/p>","protected":false},"author":1,"featured_media":102,"comment_status":"open","ping_status":"open","sticky":false,"template":"","format":"standard","meta":{"footnotes":""},"categories":[1],"tags":[],"class_list":["post-47","post","type-post","status-publish","format-standard","has-post-thumbnail","hentry","category-uncategorized"],"yoast_head":"<!-- This site is optimized with the Yoast SEO plugin v27.5 - https:\/\/yoast.com\/product\/yoast-seo-wordpress\/ -->\n<title>Steve Madden au Micam 2020 - BBI Distributions<\/title>\n<meta name=\"robots\" content=\"index, follow, max-snippet:-1, max-image-preview:large, max-video-preview:-1\" \/>\n<link rel=\"canonical\" href=\"https:\/\/www.bbidistributions.com\/es\/steve-madden-au-micam-2020\/\" \/>\n<meta property=\"og:locale\" content=\"es_ES\" \/>\n<meta property=\"og:type\" content=\"article\" \/>\n<meta property=\"og:title\" content=\"Steve Madden au Micam 2020 - BBI Distributions\" \/>\n<meta property=\"og:description\" content=\"Cette ann\u00e9e encore, Steve Madden sera pr\u00e9sent au MICAM du 16 au 19 f\u00e9vrier. Nous serons au Pavillon 2, stand H28 H30 K40 K46. Qu&rsquo;est-ce que le MICAM ? Le principal salon international de l&rsquo;industrie de la chaussure, le MICAM Milano, est un \u00e9v\u00e9nement unique en son genre, avec plus de 1700 collections de chaussures [&hellip;]\" \/>\n<meta property=\"og:url\" content=\"https:\/\/www.bbidistributions.com\/es\/steve-madden-au-micam-2020\/\" \/>\n<meta property=\"og:site_name\" content=\"BBI Distributions\" \/>\n<meta property=\"article:published_time\" content=\"2020-02-12T00:00:00+00:00\" \/>\n<meta property=\"article:modified_time\" content=\"2022-03-25T15:46:24+00:00\" \/>\n<meta property=\"og:image\" content=\"https:\/\/mlkclyg2kwdc.i.optimole.com\/w:auto\/h:auto\/q:mauto\/g:sm\/f:best\/ig:avif\/https:\/\/www.bbidistributions.com\/wp-content\/uploads\/2022\/03\/3f1582_92af563c57a744b687aa7aa9409024d1mv2.jpg\" \/>\n\t<meta property=\"og:image:width\" content=\"721\" \/>\n\t<meta property=\"og:image:height\" content=\"521\" \/>\n\t<meta property=\"og:image:type\" content=\"image\/jpeg\" \/>\n<meta name=\"author\" content=\"arthurn\" \/>\n<meta name=\"twitter:card\" content=\"summary_large_image\" \/>\n<meta name=\"twitter:label1\" content=\"Escrito por\" \/>\n\t<meta name=\"twitter:data1\" content=\"arthurn\" \/>\n\t<meta name=\"twitter:label2\" content=\"Tiempo de lectura\" \/>\n\t<meta name=\"twitter:data2\" content=\"1 minuto\" \/>\n<script type=\"application\/ld+json\" class=\"yoast-schema-graph\">{\"@context\":\"https:\\\/\\\/schema.org\",\"@graph\":[{\"@type\":\"Article\",\"@id\":\"https:\\\/\\\/www.bbidistributions.com\\\/steve-madden-au-micam-2020\\\/#article\",\"isPartOf\":{\"@id\":\"https:\\\/\\\/www.bbidistributions.com\\\/steve-madden-au-micam-2020\\\/\"},\"author\":{\"name\":\"arthurn\",\"@id\":\"https:\\\/\\\/www.bbidistributions.com\\\/#\\\/schema\\\/person\\\/932e934c0f539e9ce527c5a642310835\"},\"headline\":\"Steve Madden au Micam 2020\",\"datePublished\":\"2020-02-12T00:00:00+00:00\",\"dateModified\":\"2022-03-25T15:46:24+00:00\",\"mainEntityOfPage\":{\"@id\":\"https:\\\/\\\/www.bbidistributions.com\\\/steve-madden-au-micam-2020\\\/\"},\"wordCount\":174,\"commentCount\":0,\"publisher\":{\"@id\":\"https:\\\/\\\/www.bbidistributions.com\\\/#organization\"},\"image\":{\"@id\":\"https:\\\/\\\/www.bbidistributions.com\\\/steve-madden-au-micam-2020\\\/#primaryimage\"},\"thumbnailUrl\":\"https:\\/\\/www.bbidistributions.com\\/wp-content\\/uploads\\/2022\\/03\\/3f1582_92af563c57a744b687aa7aa9409024d1mv2.jpg\",\"articleSection\":[\"Uncategorized\"],\"inLanguage\":\"es\",\"potentialAction\":[{\"@type\":\"CommentAction\",\"name\":\"Comment\",\"target\":[\"https:\\\/\\\/www.bbidistributions.com\\\/steve-madden-au-micam-2020\\\/#respond\"]}]},{\"@type\":\"WebPage\",\"@id\":\"https:\\\/\\\/www.bbidistributions.com\\\/steve-madden-au-micam-2020\\\/\",\"url\":\"https:\\\/\\\/www.bbidistributions.com\\\/steve-madden-au-micam-2020\\\/\",\"name\":\"Steve Madden au Micam 2020 - BBI Distributions\",\"isPartOf\":{\"@id\":\"https:\\\/\\\/www.bbidistributions.com\\\/#website\"},\"primaryImageOfPage\":{\"@id\":\"https:\\\/\\\/www.bbidistributions.com\\\/steve-madden-au-micam-2020\\\/#primaryimage\"},\"image\":{\"@id\":\"https:\\\/\\\/www.bbidistributions.com\\\/steve-madden-au-micam-2020\\\/#primaryimage\"},\"thumbnailUrl\":\"https:\\/\\/www.bbidistributions.com\\/wp-content\\/uploads\\/2022\\/03\\/3f1582_92af563c57a744b687aa7aa9409024d1mv2.jpg\",\"datePublished\":\"2020-02-12T00:00:00+00:00\",\"dateModified\":\"2022-03-25T15:46:24+00:00\",\"breadcrumb\":{\"@id\":\"https:\\\/\\\/www.bbidistributions.com\\\/steve-madden-au-micam-2020\\\/#breadcrumb\"},\"inLanguage\":\"es\",\"potentialAction\":[{\"@type\":\"ReadAction\",\"target\":[\"https:\\\/\\\/www.bbidistributions.com\\\/steve-madden-au-micam-2020\\\/\"]}]},{\"@type\":\"ImageObject\",\"inLanguage\":\"es\",\"@id\":\"https:\\\/\\\/www.bbidistributions.com\\\/steve-madden-au-micam-2020\\\/#primaryimage\",\"url\":\"https:\\/\\/www.bbidistributions.com\\/wp-content\\/uploads\\/2022\\/03\\/3f1582_92af563c57a744b687aa7aa9409024d1mv2.jpg\",\"contentUrl\":\"https:\\/\\/www.bbidistributions.com\\/wp-content\\/uploads\\/2022\\/03\\/3f1582_92af563c57a744b687aa7aa9409024d1mv2.jpg\",\"width\":721,\"height\":521},{\"@type\":\"BreadcrumbList\",\"@id\":\"https:\\\/\\\/www.bbidistributions.com\\\/steve-madden-au-micam-2020\\\/#breadcrumb\",\"itemListElement\":[{\"@type\":\"ListItem\",\"position\":1,\"name\":\"Accueil\",\"item\":\"https:\\\/\\\/www.bbidistributions.com\\\/\"},{\"@type\":\"ListItem\",\"position\":2,\"name\":\"Steve Madden au Micam 2020\"}]},{\"@type\":\"WebSite\",\"@id\":\"https:\\\/\\\/www.bbidistributions.com\\\/#website\",\"url\":\"https:\\\/\\\/www.bbidistributions.com\\\/\",\"name\":\"BBI Distributions\",\"description\":\"\",\"publisher\":{\"@id\":\"https:\\\/\\\/www.bbidistributions.com\\\/#organization\"},\"potentialAction\":[{\"@type\":\"SearchAction\",\"target\":{\"@type\":\"EntryPoint\",\"urlTemplate\":\"https:\\\/\\\/www.bbidistributions.com\\\/?s={search_term_string}\"},\"query-input\":{\"@type\":\"PropertyValueSpecification\",\"valueRequired\":true,\"valueName\":\"search_term_string\"}}],\"inLanguage\":\"es\"},{\"@type\":\"Organization\",\"@id\":\"https:\\\/\\\/www.bbidistributions.com\\\/#organization\",\"name\":\"BBI Distributions\",\"url\":\"https:\\\/\\\/www.bbidistributions.com\\\/\",\"logo\":{\"@type\":\"ImageObject\",\"inLanguage\":\"es\",\"@id\":\"https:\\\/\\\/www.bbidistributions.com\\\/#\\\/schema\\\/logo\\\/image\\\/\",\"url\":\"https:\\/\\/bbidistributions.com\\/wp-content\\/uploads\\/2022\\/03\\/bbidistributions-facebook-thumb.jpg\",\"contentUrl\":\"https:\\/\\/bbidistributions.com\\/wp-content\\/uploads\\/2022\\/03\\/bbidistributions-facebook-thumb.jpg\",\"width\":1200,\"height\":627,\"caption\":\"BBI Distributions\"},\"image\":{\"@id\":\"https:\\\/\\\/www.bbidistributions.com\\\/#\\\/schema\\\/logo\\\/image\\\/\"}},{\"@type\":\"Person\",\"@id\":\"https:\\\/\\\/www.bbidistributions.com\\\/#\\\/schema\\\/person\\\/932e934c0f539e9ce527c5a642310835\",\"name\":\"arthurn\",\"image\":{\"@type\":\"ImageObject\",\"inLanguage\":\"es\",\"@id\":\"https:\\\/\\\/secure.gravatar.com\\\/avatar\\\/e605ebbc06f5f6eed046c7f53d3d492118355376198029ba8f6a1de272861215?s=96&d=mm&r=g\",\"url\":\"https:\\\/\\\/secure.gravatar.com\\\/avatar\\\/e605ebbc06f5f6eed046c7f53d3d492118355376198029ba8f6a1de272861215?s=96&d=mm&r=g\",\"contentUrl\":\"https:\\\/\\\/secure.gravatar.com\\\/avatar\\\/e605ebbc06f5f6eed046c7f53d3d492118355376198029ba8f6a1de272861215?s=96&d=mm&r=g\",\"caption\":\"arthurn\"},\"sameAs\":[\"https:\\\/\\\/bbidistributions.com\"]}]}<\/script>\n<!-- \/ Yoast SEO plugin. -->","yoast_head_json":{"title":"Steve Madden au Micam 2020 - BBI Distributions","robots":{"index":"index","follow":"follow","max-snippet":"max-snippet:-1","max-image-preview":"max-image-preview:large","max-video-preview":"max-video-preview:-1"},"canonical":"https:\/\/www.bbidistributions.com\/es\/steve-madden-au-micam-2020\/","og_locale":"es_ES","og_type":"article","og_title":"Steve Madden au Micam 2020 - BBI Distributions","og_description":"Cette ann\u00e9e encore, Steve Madden sera pr\u00e9sent au MICAM du 16 au 19 f\u00e9vrier. Nous serons au Pavillon 2, stand H28 H30 K40 K46. Qu&rsquo;est-ce que le MICAM ? Le principal salon international de l&rsquo;industrie de la chaussure, le MICAM Milano, est un \u00e9v\u00e9nement unique en son genre, avec plus de 1700 collections de chaussures [&hellip;]","og_url":"https:\/\/www.bbidistributions.com\/es\/steve-madden-au-micam-2020\/","og_site_name":"BBI Distributions","article_published_time":"2020-02-12T00:00:00+00:00","article_modified_time":"2022-03-25T15:46:24+00:00","og_image":[{"width":721,"height":521,"url":"https:\/\/mlkclyg2kwdc.i.optimole.com\/w:auto\/h:auto\/q:mauto\/g:sm\/f:best\/ig:avif\/https:\/\/www.bbidistributions.com\/wp-content\/uploads\/2022\/03\/3f1582_92af563c57a744b687aa7aa9409024d1mv2.jpg","type":"image\/jpeg"}],"author":"arthurn","twitter_card":"summary_large_image","twitter_misc":{"Escrito por":"arthurn","Tiempo de lectura":"1 minuto"},"schema":{"@context":"https:\/\/schema.org","@graph":[{"@type":"Article","@id":"https:\/\/www.bbidistributions.com\/steve-madden-au-micam-2020\/#article","isPartOf":{"@id":"https:\/\/www.bbidistributions.com\/steve-madden-au-micam-2020\/"},"author":{"name":"arthurn","@id":"https:\/\/www.bbidistributions.com\/#\/schema\/person\/932e934c0f539e9ce527c5a642310835"},"headline":"Steve Madden au Micam 2020","datePublished":"2020-02-12T00:00:00+00:00","dateModified":"2022-03-25T15:46:24+00:00","mainEntityOfPage":{"@id":"https:\/\/www.bbidistributions.com\/steve-madden-au-micam-2020\/"},"wordCount":174,"commentCount":0,"publisher":{"@id":"https:\/\/www.bbidistributions.com\/#organization"},"image":{"@id":"https:\/\/www.bbidistributions.com\/steve-madden-au-micam-2020\/#primaryimage"},"thumbnailUrl":"https:\/\/mlkclyg2kwdc.i.optimole.com\/w:auto\/h:auto\/q:mauto\/g:sm\/f:best\/ig:avif\/https:\/\/www.bbidistributions.com\/wp-content\/uploads\/2022\/03\/3f1582_92af563c57a744b687aa7aa9409024d1mv2.jpg","articleSection":["Uncategorized"],"inLanguage":"es","potentialAction":[{"@type":"CommentAction","name":"Comment","target":["https:\/\/www.bbidistributions.com\/steve-madden-au-micam-2020\/#respond"]}]},{"@type":"WebPage","@id":"https:\/\/www.bbidistributions.com\/steve-madden-au-micam-2020\/","url":"https:\/\/www.bbidistributions.com\/steve-madden-au-micam-2020\/","name":"Steve Madden au Micam 2020 - BBI Distributions","isPartOf":{"@id":"https:\/\/www.bbidistributions.com\/#website"},"primaryImageOfPage":{"@id":"https:\/\/www.bbidistributions.com\/steve-madden-au-micam-2020\/#primaryimage"},"image":{"@id":"https:\/\/www.bbidistributions.com\/steve-madden-au-micam-2020\/#primaryimage"},"thumbnailUrl":"https:\/\/mlkclyg2kwdc.i.optimole.com\/w:auto\/h:auto\/q:mauto\/g:sm\/f:best\/ig:avif\/https:\/\/www.bbidistributions.com\/wp-content\/uploads\/2022\/03\/3f1582_92af563c57a744b687aa7aa9409024d1mv2.jpg","datePublished":"2020-02-12T00:00:00+00:00","dateModified":"2022-03-25T15:46:24+00:00","breadcrumb":{"@id":"https:\/\/www.bbidistributions.com\/steve-madden-au-micam-2020\/#breadcrumb"},"inLanguage":"es","potentialAction":[{"@type":"ReadAction","target":["https:\/\/www.bbidistributions.com\/steve-madden-au-micam-2020\/"]}]},{"@type":"ImageObject","inLanguage":"es","@id":"https:\/\/www.bbidistributions.com\/steve-madden-au-micam-2020\/#primaryimage","url":"https:\/\/mlkclyg2kwdc.i.optimole.com\/w:auto\/h:auto\/q:mauto\/g:sm\/f:best\/ig:avif\/https:\/\/www.bbidistributions.com\/wp-content\/uploads\/2022\/03\/3f1582_92af563c57a744b687aa7aa9409024d1mv2.jpg","contentUrl":"https:\/\/mlkclyg2kwdc.i.optimole.com\/w:auto\/h:auto\/q:mauto\/g:sm\/f:best\/ig:avif\/https:\/\/www.bbidistributions.com\/wp-content\/uploads\/2022\/03\/3f1582_92af563c57a744b687aa7aa9409024d1mv2.jpg","width":721,"height":521},{"@type":"BreadcrumbList","@id":"https:\/\/www.bbidistributions.com\/steve-madden-au-micam-2020\/#breadcrumb","itemListElement":[{"@type":"ListItem","position":1,"name":"Accueil","item":"https:\/\/www.bbidistributions.com\/"},{"@type":"ListItem","position":2,"name":"Steve Madden au Micam 2020"}]},{"@type":"WebSite","@id":"https:\/\/www.bbidistributions.com\/#website","url":"https:\/\/www.bbidistributions.com\/","name":"BBI Distributions","description":"","publisher":{"@id":"https:\/\/www.bbidistributions.com\/#organization"},"potentialAction":[{"@type":"SearchAction","target":{"@type":"EntryPoint","urlTemplate":"https:\/\/www.bbidistributions.com\/?s={search_term_string}"},"query-input":{"@type":"PropertyValueSpecification","valueRequired":true,"valueName":"search_term_string"}}],"inLanguage":"es"},{"@type":"Organization","@id":"https:\/\/www.bbidistributions.com\/#organization","name":"BBI Distributions","url":"https:\/\/www.bbidistributions.com\/","logo":{"@type":"ImageObject","inLanguage":"es","@id":"https:\/\/www.bbidistributions.com\/#\/schema\/logo\/image\/","url":"https:\/\/mlkclyg2kwdc.i.optimole.com\/w:auto\/h:auto\/q:mauto\/g:sm\/f:best\/ig:avif\/https:\/\/bbidistributions.com\/wp-content\/uploads\/2022\/03\/bbidistributions-facebook-thumb.jpg","contentUrl":"https:\/\/mlkclyg2kwdc.i.optimole.com\/w:auto\/h:auto\/q:mauto\/g:sm\/f:best\/ig:avif\/https:\/\/bbidistributions.com\/wp-content\/uploads\/2022\/03\/bbidistributions-facebook-thumb.jpg","width":1200,"height":627,"caption":"BBI Distributions"},"image":{"@id":"https:\/\/www.bbidistributions.com\/#\/schema\/logo\/image\/"}},{"@type":"Person","@id":"https:\/\/www.bbidistributions.com\/#\/schema\/person\/932e934c0f539e9ce527c5a642310835","name":"arthurn","image":{"@type":"ImageObject","inLanguage":"es","@id":"https:\/\/secure.gravatar.com\/avatar\/e605ebbc06f5f6eed046c7f53d3d492118355376198029ba8f6a1de272861215?s=96&d=mm&r=g","url":"https:\/\/secure.gravatar.com\/avatar\/e605ebbc06f5f6eed046c7f53d3d492118355376198029ba8f6a1de272861215?s=96&d=mm&r=g","contentUrl":"https:\/\/secure.gravatar.com\/avatar\/e605ebbc06f5f6eed046c7f53d3d492118355376198029ba8f6a1de272861215?s=96&d=mm&r=g","caption":"arthurn"},"sameAs":["https:\/\/bbidistributions.com"]}]}},"_links":{"self":[{"href":"https:\/\/www.bbidistributions.com\/es\/wp-json\/wp\/v2\/posts\/47","targetHints":{"allow":["GET"]}}],"collection":[{"href":"https:\/\/www.bbidistributions.com\/es\/wp-json\/wp\/v2\/posts"}],"about":[{"href":"https:\/\/www.bbidistributions.com\/es\/wp-json\/wp\/v2\/types\/post"}],"author":[{"embeddable":true,"href":"https:\/\/www.bbidistributions.com\/es\/wp-json\/wp\/v2\/users\/1"}],"replies":[{"embeddable":true,"href":"https:\/\/www.bbidistributions.com\/es\/wp-json\/wp\/v2\/comments?post=47"}],"version-history":[{"count":0,"href":"https:\/\/www.bbidistributions.com\/es\/wp-json\/wp\/v2\/posts\/47\/revisions"}],"wp:featuredmedia":[{"embeddable":true,"href":"https:\/\/www.bbidistributions.com\/es\/wp-json\/wp\/v2\/media\/102"}],"wp:attachment":[{"href":"https:\/\/www.bbidistributions.com\/es\/wp-json\/wp\/v2\/media?parent=47"}],"wp:term":[{"taxonomy":"category","embeddable":true,"href":"https:\/\/www.bbidistributions.com\/es\/wp-json\/wp\/v2\/categories?post=47"},{"taxonomy":"post_tag","embeddable":true,"href":"https:\/\/www.bbidistributions.com\/es\/wp-json\/wp\/v2\/tags?post=47"}],"curies":[{"name":"wp","href":"https:\/\/api.w.org\/{rel}","templated":true}]}}