{"id":368,"date":"2022-09-02T20:35:03","date_gmt":"2022-09-02T18:35:03","guid":{"rendered":"https:\/\/www.bbidistributions.com\/?p=368"},"modified":"2022-09-02T20:35:03","modified_gmt":"2022-09-02T18:35:03","slug":"nouvelle-collection-bernie-mev-automne-hiver-2022-et-salons","status":"publish","type":"post","link":"https:\/\/www.bbidistributions.com\/es\/nouvelle-collection-bernie-mev-automne-hiver-2022-et-salons\/","title":{"rendered":"Nueva colecci\u00f3n Bernie Mev Oto\u00f1o-Invierno 2022 y ferias"},"content":{"rendered":"<p>Descubre la <strong>nueva colecci\u00f3n oto\u00f1o-invierno 2022<\/strong> en ferias comerciales.<\/p>\n<h2>Crecendo Expo Par\u00eds 2022<\/h2>\n<ul>\n<li>Del 4 al 6 de septiembre<\/li>\n<li>Stand D13<\/li>\n<li>Parc Floral de Paris, Rte de la Pyramide, 75012 Par\u00eds, Francia<\/li>\n<\/ul>\n<h2>Oferta especial zapatos M\u00e9d 2022<\/h2>\n<ul>\n<li>Del 11 al 12 de septiembre<\/li>\n<li>Stand G2<\/li>\n<li>La Halle Quartier de l'H\u00f4tel de Ville, 13500 Martigues, Francia<\/li>\n<\/ul>\n<h2>Villefranche-sur-Sa\u00f4ne 2022<\/h2>\n<ul>\n<li>Del 4 al 6 de septiembre<\/li>\n<\/ul>\n<h2>Toulouse 2022<\/h2>\n<ul>\n<li>Del 4 al 6 de septiembre<\/li>\n<\/ul>\n<p>\u00bfNecesita una invitaci\u00f3n? Si tiene alguna pregunta, no dude en ponerse en contacto con nosotros en el tel\u00e9fono <a href=\"tel:33491712329\">+33 4 91 71 23 29<\/a> o por correo a\u00a0<a href=\"mailto:m.philippon@stevemadden.eu\"><u>m.philippon@bbidistributions.com<\/u><\/a><\/p>","protected":false},"excerpt":{"rendered":"<p>Descubra la nueva colecci\u00f3n Oto\u00f1o-Invierno 2022 en las ferias. Crecendo Expo Paris 2022 Del 4 al 6 de septiembre Stand D13 Parc Floral de Paris, Rte de la Pyramide, 75012 Paris, Francia Promo Chaussures M\u00e9d 2022 Del 11 al 12 de septiembre Stand G2 La Halle Quartier de l'H\u00f4tel de Ville, 13500 Martigues, Francia Villefranche-sur-Sa\u00f4ne [...]<\/p>","protected":false},"author":1,"featured_media":369,"comment_status":"open","ping_status":"open","sticky":false,"template":"","format":"standard","meta":{"footnotes":""},"categories":[1],"tags":[],"class_list":["post-368","post","type-post","status-publish","format-standard","has-post-thumbnail","hentry","category-uncategorized"],"yoast_head":"<!-- This site is optimized with the Yoast SEO plugin v27.5 - https:\/\/yoast.com\/product\/yoast-seo-wordpress\/ -->\n<title>Nouvelle collection Automne-Hiver 2022 Bernie Mev et salons<\/title>\n<meta name=\"description\" content=\"D\u00e9couvrez la nouvelle collection Automne-Hiver 2022 Bernie Mev \u00e0 l&#039;occasion des salons professionnels 2022. Recontrons-nous !\" \/>\n<meta name=\"robots\" content=\"index, follow, max-snippet:-1, max-image-preview:large, max-video-preview:-1\" \/>\n<link rel=\"canonical\" href=\"https:\/\/www.bbidistributions.com\/es\/nouvelle-collection-bernie-mev-automne-hiver-2022-et-salons\/\" \/>\n<meta property=\"og:locale\" content=\"es_ES\" \/>\n<meta property=\"og:type\" content=\"article\" \/>\n<meta property=\"og:title\" content=\"Nouvelle collection Automne-Hiver 2022 Bernie Mev et salons\" \/>\n<meta property=\"og:description\" content=\"D\u00e9couvrez la nouvelle collection Automne-Hiver 2022 Bernie Mev \u00e0 l&#039;occasion des salons professionnels 2022. Recontrons-nous !\" \/>\n<meta property=\"og:url\" content=\"https:\/\/www.bbidistributions.com\/es\/nouvelle-collection-bernie-mev-automne-hiver-2022-et-salons\/\" \/>\n<meta property=\"og:site_name\" content=\"BBI Distributions\" \/>\n<meta property=\"article:published_time\" content=\"2022-09-02T18:35:03+00:00\" \/>\n<meta property=\"og:image\" content=\"https:\/\/mlkclyg2kwdc.i.optimole.com\/w:auto\/h:auto\/q:mauto\/g:sm\/f:best\/ig:avif\/https:\/\/www.bbidistributions.com\/wp-content\/uploads\/2022\/09\/bbi-distributions-collection-automne-hiver-2023-bernie-mev.jpg\" \/>\n\t<meta property=\"og:image:width\" content=\"1200\" \/>\n\t<meta property=\"og:image:height\" content=\"630\" \/>\n\t<meta property=\"og:image:type\" content=\"image\/jpeg\" \/>\n<meta name=\"author\" content=\"arthurn\" \/>\n<meta name=\"twitter:card\" content=\"summary_large_image\" \/>\n<meta name=\"twitter:label1\" content=\"Escrito por\" \/>\n\t<meta name=\"twitter:data1\" content=\"arthurn\" \/>\n<script type=\"application\/ld+json\" class=\"yoast-schema-graph\">{\"@context\":\"https:\\\/\\\/schema.org\",\"@graph\":[{\"@type\":\"Article\",\"@id\":\"https:\\\/\\\/www.bbidistributions.com\\\/nouvelle-collection-bernie-mev-automne-hiver-2022-et-salons\\\/#article\",\"isPartOf\":{\"@id\":\"https:\\\/\\\/www.bbidistributions.com\\\/nouvelle-collection-bernie-mev-automne-hiver-2022-et-salons\\\/\"},\"author\":{\"name\":\"arthurn\",\"@id\":\"https:\\\/\\\/www.bbidistributions.com\\\/#\\\/schema\\\/person\\\/932e934c0f539e9ce527c5a642310835\"},\"headline\":\"Nouvelle collection Bernie Mev Automne-Hiver 2022 et salons\",\"datePublished\":\"2022-09-02T18:35:03+00:00\",\"mainEntityOfPage\":{\"@id\":\"https:\\\/\\\/www.bbidistributions.com\\\/nouvelle-collection-bernie-mev-automne-hiver-2022-et-salons\\\/\"},\"wordCount\":87,\"commentCount\":0,\"publisher\":{\"@id\":\"https:\\\/\\\/www.bbidistributions.com\\\/#organization\"},\"image\":{\"@id\":\"https:\\\/\\\/www.bbidistributions.com\\\/nouvelle-collection-bernie-mev-automne-hiver-2022-et-salons\\\/#primaryimage\"},\"thumbnailUrl\":\"https:\\/\\/www.bbidistributions.com\\/wp-content\\/uploads\\/2022\\/09\\/bbi-distributions-collection-automne-hiver-2023-bernie-mev.jpg\",\"articleSection\":[\"Uncategorized\"],\"inLanguage\":\"es\",\"potentialAction\":[{\"@type\":\"CommentAction\",\"name\":\"Comment\",\"target\":[\"https:\\\/\\\/www.bbidistributions.com\\\/nouvelle-collection-bernie-mev-automne-hiver-2022-et-salons\\\/#respond\"]}]},{\"@type\":\"WebPage\",\"@id\":\"https:\\\/\\\/www.bbidistributions.com\\\/nouvelle-collection-bernie-mev-automne-hiver-2022-et-salons\\\/\",\"url\":\"https:\\\/\\\/www.bbidistributions.com\\\/nouvelle-collection-bernie-mev-automne-hiver-2022-et-salons\\\/\",\"name\":\"Nouvelle collection Automne-Hiver 2022 Bernie Mev et salons\",\"isPartOf\":{\"@id\":\"https:\\\/\\\/www.bbidistributions.com\\\/#website\"},\"primaryImageOfPage\":{\"@id\":\"https:\\\/\\\/www.bbidistributions.com\\\/nouvelle-collection-bernie-mev-automne-hiver-2022-et-salons\\\/#primaryimage\"},\"image\":{\"@id\":\"https:\\\/\\\/www.bbidistributions.com\\\/nouvelle-collection-bernie-mev-automne-hiver-2022-et-salons\\\/#primaryimage\"},\"thumbnailUrl\":\"https:\\/\\/www.bbidistributions.com\\/wp-content\\/uploads\\/2022\\/09\\/bbi-distributions-collection-automne-hiver-2023-bernie-mev.jpg\",\"datePublished\":\"2022-09-02T18:35:03+00:00\",\"description\":\"D\u00e9couvrez la nouvelle collection Automne-Hiver 2022 Bernie Mev \u00e0 l'occasion des salons professionnels 2022. Recontrons-nous !\",\"breadcrumb\":{\"@id\":\"https:\\\/\\\/www.bbidistributions.com\\\/nouvelle-collection-bernie-mev-automne-hiver-2022-et-salons\\\/#breadcrumb\"},\"inLanguage\":\"es\",\"potentialAction\":[{\"@type\":\"ReadAction\",\"target\":[\"https:\\\/\\\/www.bbidistributions.com\\\/nouvelle-collection-bernie-mev-automne-hiver-2022-et-salons\\\/\"]}]},{\"@type\":\"ImageObject\",\"inLanguage\":\"es\",\"@id\":\"https:\\\/\\\/www.bbidistributions.com\\\/nouvelle-collection-bernie-mev-automne-hiver-2022-et-salons\\\/#primaryimage\",\"url\":\"https:\\/\\/www.bbidistributions.com\\/wp-content\\/uploads\\/2022\\/09\\/bbi-distributions-collection-automne-hiver-2023-bernie-mev.jpg\",\"contentUrl\":\"https:\\/\\/www.bbidistributions.com\\/wp-content\\/uploads\\/2022\\/09\\/bbi-distributions-collection-automne-hiver-2023-bernie-mev.jpg\",\"width\":1200,\"height\":630},{\"@type\":\"BreadcrumbList\",\"@id\":\"https:\\\/\\\/www.bbidistributions.com\\\/nouvelle-collection-bernie-mev-automne-hiver-2022-et-salons\\\/#breadcrumb\",\"itemListElement\":[{\"@type\":\"ListItem\",\"position\":1,\"name\":\"Accueil\",\"item\":\"https:\\\/\\\/www.bbidistributions.com\\\/\"},{\"@type\":\"ListItem\",\"position\":2,\"name\":\"Nouvelle collection Bernie Mev Automne-Hiver 2022 et salons\"}]},{\"@type\":\"WebSite\",\"@id\":\"https:\\\/\\\/www.bbidistributions.com\\\/#website\",\"url\":\"https:\\\/\\\/www.bbidistributions.com\\\/\",\"name\":\"BBI Distributions\",\"description\":\"\",\"publisher\":{\"@id\":\"https:\\\/\\\/www.bbidistributions.com\\\/#organization\"},\"potentialAction\":[{\"@type\":\"SearchAction\",\"target\":{\"@type\":\"EntryPoint\",\"urlTemplate\":\"https:\\\/\\\/www.bbidistributions.com\\\/?s={search_term_string}\"},\"query-input\":{\"@type\":\"PropertyValueSpecification\",\"valueRequired\":true,\"valueName\":\"search_term_string\"}}],\"inLanguage\":\"es\"},{\"@type\":\"Organization\",\"@id\":\"https:\\\/\\\/www.bbidistributions.com\\\/#organization\",\"name\":\"BBI Distributions\",\"url\":\"https:\\\/\\\/www.bbidistributions.com\\\/\",\"logo\":{\"@type\":\"ImageObject\",\"inLanguage\":\"es\",\"@id\":\"https:\\\/\\\/www.bbidistributions.com\\\/#\\\/schema\\\/logo\\\/image\\\/\",\"url\":\"https:\\/\\/bbidistributions.com\\/wp-content\\/uploads\\/2022\\/03\\/bbidistributions-facebook-thumb.jpg\",\"contentUrl\":\"https:\\/\\/bbidistributions.com\\/wp-content\\/uploads\\/2022\\/03\\/bbidistributions-facebook-thumb.jpg\",\"width\":1200,\"height\":627,\"caption\":\"BBI Distributions\"},\"image\":{\"@id\":\"https:\\\/\\\/www.bbidistributions.com\\\/#\\\/schema\\\/logo\\\/image\\\/\"}},{\"@type\":\"Person\",\"@id\":\"https:\\\/\\\/www.bbidistributions.com\\\/#\\\/schema\\\/person\\\/932e934c0f539e9ce527c5a642310835\",\"name\":\"arthurn\",\"image\":{\"@type\":\"ImageObject\",\"inLanguage\":\"es\",\"@id\":\"https:\\\/\\\/secure.gravatar.com\\\/avatar\\\/e605ebbc06f5f6eed046c7f53d3d492118355376198029ba8f6a1de272861215?s=96&d=mm&r=g\",\"url\":\"https:\\\/\\\/secure.gravatar.com\\\/avatar\\\/e605ebbc06f5f6eed046c7f53d3d492118355376198029ba8f6a1de272861215?s=96&d=mm&r=g\",\"contentUrl\":\"https:\\\/\\\/secure.gravatar.com\\\/avatar\\\/e605ebbc06f5f6eed046c7f53d3d492118355376198029ba8f6a1de272861215?s=96&d=mm&r=g\",\"caption\":\"arthurn\"},\"sameAs\":[\"https:\\\/\\\/bbidistributions.com\"]}]}<\/script>\n<!-- \/ Yoast SEO plugin. -->","yoast_head_json":{"title":"Nouvelle collection Automne-Hiver 2022 Bernie Mev et salons","description":"D\u00e9couvrez la nouvelle collection Automne-Hiver 2022 Bernie Mev \u00e0 l'occasion des salons professionnels 2022. Recontrons-nous !","robots":{"index":"index","follow":"follow","max-snippet":"max-snippet:-1","max-image-preview":"max-image-preview:large","max-video-preview":"max-video-preview:-1"},"canonical":"https:\/\/www.bbidistributions.com\/es\/nouvelle-collection-bernie-mev-automne-hiver-2022-et-salons\/","og_locale":"es_ES","og_type":"article","og_title":"Nouvelle collection Automne-Hiver 2022 Bernie Mev et salons","og_description":"D\u00e9couvrez la nouvelle collection Automne-Hiver 2022 Bernie Mev \u00e0 l'occasion des salons professionnels 2022. Recontrons-nous !","og_url":"https:\/\/www.bbidistributions.com\/es\/nouvelle-collection-bernie-mev-automne-hiver-2022-et-salons\/","og_site_name":"BBI Distributions","article_published_time":"2022-09-02T18:35:03+00:00","og_image":[{"width":1200,"height":630,"url":"https:\/\/mlkclyg2kwdc.i.optimole.com\/w:auto\/h:auto\/q:mauto\/g:sm\/f:best\/ig:avif\/https:\/\/www.bbidistributions.com\/wp-content\/uploads\/2022\/09\/bbi-distributions-collection-automne-hiver-2023-bernie-mev.jpg","type":"image\/jpeg"}],"author":"arthurn","twitter_card":"summary_large_image","twitter_misc":{"Escrito por":"arthurn"},"schema":{"@context":"https:\/\/schema.org","@graph":[{"@type":"Article","@id":"https:\/\/www.bbidistributions.com\/nouvelle-collection-bernie-mev-automne-hiver-2022-et-salons\/#article","isPartOf":{"@id":"https:\/\/www.bbidistributions.com\/nouvelle-collection-bernie-mev-automne-hiver-2022-et-salons\/"},"author":{"name":"arthurn","@id":"https:\/\/www.bbidistributions.com\/#\/schema\/person\/932e934c0f539e9ce527c5a642310835"},"headline":"Nouvelle collection Bernie Mev Automne-Hiver 2022 et salons","datePublished":"2022-09-02T18:35:03+00:00","mainEntityOfPage":{"@id":"https:\/\/www.bbidistributions.com\/nouvelle-collection-bernie-mev-automne-hiver-2022-et-salons\/"},"wordCount":87,"commentCount":0,"publisher":{"@id":"https:\/\/www.bbidistributions.com\/#organization"},"image":{"@id":"https:\/\/www.bbidistributions.com\/nouvelle-collection-bernie-mev-automne-hiver-2022-et-salons\/#primaryimage"},"thumbnailUrl":"https:\/\/mlkclyg2kwdc.i.optimole.com\/w:auto\/h:auto\/q:mauto\/g:sm\/f:best\/ig:avif\/https:\/\/www.bbidistributions.com\/wp-content\/uploads\/2022\/09\/bbi-distributions-collection-automne-hiver-2023-bernie-mev.jpg","articleSection":["Uncategorized"],"inLanguage":"es","potentialAction":[{"@type":"CommentAction","name":"Comment","target":["https:\/\/www.bbidistributions.com\/nouvelle-collection-bernie-mev-automne-hiver-2022-et-salons\/#respond"]}]},{"@type":"WebPage","@id":"https:\/\/www.bbidistributions.com\/nouvelle-collection-bernie-mev-automne-hiver-2022-et-salons\/","url":"https:\/\/www.bbidistributions.com\/nouvelle-collection-bernie-mev-automne-hiver-2022-et-salons\/","name":"Nouvelle collection Automne-Hiver 2022 Bernie Mev et salons","isPartOf":{"@id":"https:\/\/www.bbidistributions.com\/#website"},"primaryImageOfPage":{"@id":"https:\/\/www.bbidistributions.com\/nouvelle-collection-bernie-mev-automne-hiver-2022-et-salons\/#primaryimage"},"image":{"@id":"https:\/\/www.bbidistributions.com\/nouvelle-collection-bernie-mev-automne-hiver-2022-et-salons\/#primaryimage"},"thumbnailUrl":"https:\/\/mlkclyg2kwdc.i.optimole.com\/w:auto\/h:auto\/q:mauto\/g:sm\/f:best\/ig:avif\/https:\/\/www.bbidistributions.com\/wp-content\/uploads\/2022\/09\/bbi-distributions-collection-automne-hiver-2023-bernie-mev.jpg","datePublished":"2022-09-02T18:35:03+00:00","description":"D\u00e9couvrez la nouvelle collection Automne-Hiver 2022 Bernie Mev \u00e0 l'occasion des salons professionnels 2022. Recontrons-nous !","breadcrumb":{"@id":"https:\/\/www.bbidistributions.com\/nouvelle-collection-bernie-mev-automne-hiver-2022-et-salons\/#breadcrumb"},"inLanguage":"es","potentialAction":[{"@type":"ReadAction","target":["https:\/\/www.bbidistributions.com\/nouvelle-collection-bernie-mev-automne-hiver-2022-et-salons\/"]}]},{"@type":"ImageObject","inLanguage":"es","@id":"https:\/\/www.bbidistributions.com\/nouvelle-collection-bernie-mev-automne-hiver-2022-et-salons\/#primaryimage","url":"https:\/\/mlkclyg2kwdc.i.optimole.com\/w:auto\/h:auto\/q:mauto\/g:sm\/f:best\/ig:avif\/https:\/\/www.bbidistributions.com\/wp-content\/uploads\/2022\/09\/bbi-distributions-collection-automne-hiver-2023-bernie-mev.jpg","contentUrl":"https:\/\/mlkclyg2kwdc.i.optimole.com\/w:auto\/h:auto\/q:mauto\/g:sm\/f:best\/ig:avif\/https:\/\/www.bbidistributions.com\/wp-content\/uploads\/2022\/09\/bbi-distributions-collection-automne-hiver-2023-bernie-mev.jpg","width":1200,"height":630},{"@type":"BreadcrumbList","@id":"https:\/\/www.bbidistributions.com\/nouvelle-collection-bernie-mev-automne-hiver-2022-et-salons\/#breadcrumb","itemListElement":[{"@type":"ListItem","position":1,"name":"Accueil","item":"https:\/\/www.bbidistributions.com\/"},{"@type":"ListItem","position":2,"name":"Nouvelle collection Bernie Mev Automne-Hiver 2022 et salons"}]},{"@type":"WebSite","@id":"https:\/\/www.bbidistributions.com\/#website","url":"https:\/\/www.bbidistributions.com\/","name":"BBI Distributions","description":"","publisher":{"@id":"https:\/\/www.bbidistributions.com\/#organization"},"potentialAction":[{"@type":"SearchAction","target":{"@type":"EntryPoint","urlTemplate":"https:\/\/www.bbidistributions.com\/?s={search_term_string}"},"query-input":{"@type":"PropertyValueSpecification","valueRequired":true,"valueName":"search_term_string"}}],"inLanguage":"es"},{"@type":"Organization","@id":"https:\/\/www.bbidistributions.com\/#organization","name":"BBI Distributions","url":"https:\/\/www.bbidistributions.com\/","logo":{"@type":"ImageObject","inLanguage":"es","@id":"https:\/\/www.bbidistributions.com\/#\/schema\/logo\/image\/","url":"https:\/\/mlkclyg2kwdc.i.optimole.com\/w:auto\/h:auto\/q:mauto\/g:sm\/f:best\/ig:avif\/https:\/\/bbidistributions.com\/wp-content\/uploads\/2022\/03\/bbidistributions-facebook-thumb.jpg","contentUrl":"https:\/\/mlkclyg2kwdc.i.optimole.com\/w:auto\/h:auto\/q:mauto\/g:sm\/f:best\/ig:avif\/https:\/\/bbidistributions.com\/wp-content\/uploads\/2022\/03\/bbidistributions-facebook-thumb.jpg","width":1200,"height":627,"caption":"BBI Distributions"},"image":{"@id":"https:\/\/www.bbidistributions.com\/#\/schema\/logo\/image\/"}},{"@type":"Person","@id":"https:\/\/www.bbidistributions.com\/#\/schema\/person\/932e934c0f539e9ce527c5a642310835","name":"arthurn","image":{"@type":"ImageObject","inLanguage":"es","@id":"https:\/\/secure.gravatar.com\/avatar\/e605ebbc06f5f6eed046c7f53d3d492118355376198029ba8f6a1de272861215?s=96&d=mm&r=g","url":"https:\/\/secure.gravatar.com\/avatar\/e605ebbc06f5f6eed046c7f53d3d492118355376198029ba8f6a1de272861215?s=96&d=mm&r=g","contentUrl":"https:\/\/secure.gravatar.com\/avatar\/e605ebbc06f5f6eed046c7f53d3d492118355376198029ba8f6a1de272861215?s=96&d=mm&r=g","caption":"arthurn"},"sameAs":["https:\/\/bbidistributions.com"]}]}},"_links":{"self":[{"href":"https:\/\/www.bbidistributions.com\/es\/wp-json\/wp\/v2\/posts\/368","targetHints":{"allow":["GET"]}}],"collection":[{"href":"https:\/\/www.bbidistributions.com\/es\/wp-json\/wp\/v2\/posts"}],"about":[{"href":"https:\/\/www.bbidistributions.com\/es\/wp-json\/wp\/v2\/types\/post"}],"author":[{"embeddable":true,"href":"https:\/\/www.bbidistributions.com\/es\/wp-json\/wp\/v2\/users\/1"}],"replies":[{"embeddable":true,"href":"https:\/\/www.bbidistributions.com\/es\/wp-json\/wp\/v2\/comments?post=368"}],"version-history":[{"count":0,"href":"https:\/\/www.bbidistributions.com\/es\/wp-json\/wp\/v2\/posts\/368\/revisions"}],"wp:featuredmedia":[{"embeddable":true,"href":"https:\/\/www.bbidistributions.com\/es\/wp-json\/wp\/v2\/media\/369"}],"wp:attachment":[{"href":"https:\/\/www.bbidistributions.com\/es\/wp-json\/wp\/v2\/media?parent=368"}],"wp:term":[{"taxonomy":"category","embeddable":true,"href":"https:\/\/www.bbidistributions.com\/es\/wp-json\/wp\/v2\/categories?post=368"},{"taxonomy":"post_tag","embeddable":true,"href":"https:\/\/www.bbidistributions.com\/es\/wp-json\/wp\/v2\/tags?post=368"}],"curies":[{"name":"wp","href":"https:\/\/api.w.org\/{rel}","templated":true}]}}