{"id":365,"date":"2022-09-01T14:27:43","date_gmt":"2022-09-01T12:27:43","guid":{"rendered":"https:\/\/www.bbidistributions.com\/?p=365"},"modified":"2022-09-01T14:27:43","modified_gmt":"2022-09-01T12:27:43","slug":"nouvelle-collection-steve-madden-printemps-ete-2023-et-salons","status":"publish","type":"post","link":"https:\/\/www.bbidistributions.com\/es\/nouvelle-collection-steve-madden-printemps-ete-2023-et-salons\/","title":{"rendered":"Nueva colecci\u00f3n Steve Madden Primavera-Verano 2023 y ferias"},"content":{"rendered":"<p>Descubre la <strong>nueva colecci\u00f3n Steve Madden Primavera-Verano 2023<\/strong> en ferias comerciales.<\/p>\n<h2>Crecendo Expo Par\u00eds 2022<\/h2>\n<ul>\n<li>Del 4 al 6 de septiembre<\/li>\n<li>Stand D13<\/li>\n<li>Parc Floral de Paris, Rte de la Pyramide, 75012 Par\u00eds, Francia<\/li>\n<\/ul>\n<p><a href=\"https:\/\/calendar.google.com\/calendar\/u\/0?cid=Y19tNHZtcDBwYzhuYmcxaGFhNnJwdHFpaWsxOEBncm91cC5jYWxlbmRhci5nb29nbGUuY29t\" target=\"_blank\" rel=\"noopener\">A\u00f1adir al calendario &gt;<\/a><\/p>\n<h2>Oferta especial zapatos M\u00e9d 2022<\/h2>\n<ul>\n<li>Del 11 al 12 de septiembre<\/li>\n<li>Stand H2<\/li>\n<li>La Halle Quartier de l'H\u00f4tel de Ville, 13500 Martigues, Francia<\/li>\n<\/ul>\n<p><a href=\"https:\/\/calendar.google.com\/calendar\/u\/0?cid=Y19tNHZtcDBwYzhuYmcxaGFhNnJwdHFpaWsxOEBncm91cC5jYWxlbmRhci5nb29nbGUuY29t\" target=\"_blank\" rel=\"noopener\">A\u00f1adir al calendario &gt;<\/a><\/p>\n<h2>Micam Mil\u00e1n 2022<\/h2>\n<ul>\n<li>Del 18 al 20 de septiembre<\/li>\n<li>Pabell\u00f3n 2, stand H27-K31<\/li>\n<li>FieraMilanoCity, Strada Statale Sempione, 28, 20017 Rho MI, Italia<\/li>\n<\/ul>\n<p><a href=\"https:\/\/calendar.google.com\/calendar\/u\/0?cid=Y19tNHZtcDBwYzhuYmcxaGFhNnJwdHFpaWsxOEBncm91cC5jYWxlbmRhci5nb29nbGUuY29t\" target=\"_blank\" rel=\"noopener\">A\u00f1adir al calendario &gt;<\/a><\/p>\n<p>\u00bfNecesita una invitaci\u00f3n? Si tiene alguna pregunta, no dude en ponerse en contacto con nosotros en el tel\u00e9fono <a href=\"tel:33491712329\">+33 4 91 71 23 29<\/a> o por correo a\u00a0<a href=\"mailto:m.philippon@stevemadden.eu\"><u>m.philippon@stevemadden.eu<\/u><\/a><\/p>","protected":false},"excerpt":{"rendered":"<p>Descubra la nueva colecci\u00f3n Steve Madden Primavera-Verano 2023 en las ferias. Crecendo Expo Paris 2022 Del 4 al 6 de septiembre Stand D13 Parc Floral de Paris, Rte de la Pyramide, 75012 Paris, Francia A\u00f1adir al calendario &gt; Promo Chaussures M\u00e9d 2022 Del 11 al 12 de septiembre Stand H2 La Halle Quartier de l'H\u00f4tel [...]<\/p>","protected":false},"author":1,"featured_media":366,"comment_status":"open","ping_status":"open","sticky":false,"template":"","format":"standard","meta":{"footnotes":""},"categories":[1],"tags":[],"class_list":["post-365","post","type-post","status-publish","format-standard","has-post-thumbnail","hentry","category-uncategorized"],"yoast_head":"<!-- This site is optimized with the Yoast SEO plugin v27.5 - https:\/\/yoast.com\/product\/yoast-seo-wordpress\/ -->\n<title>Nouvelle collection Printemps-\u00c9t\u00e9 2023 Steve Madden et salons<\/title>\n<meta name=\"description\" content=\"D\u00e9couvrez la nouvelle collection Printemps-\u00c9t\u00e9 2023 Steve Madden \u00e0 l&#039;occasion des salons professionnels 2022\" \/>\n<meta name=\"robots\" content=\"index, follow, max-snippet:-1, max-image-preview:large, max-video-preview:-1\" \/>\n<link rel=\"canonical\" href=\"https:\/\/www.bbidistributions.com\/es\/nouvelle-collection-steve-madden-printemps-ete-2023-et-salons\/\" \/>\n<meta property=\"og:locale\" content=\"es_ES\" \/>\n<meta property=\"og:type\" content=\"article\" \/>\n<meta property=\"og:title\" content=\"Nouvelle collection Printemps-\u00c9t\u00e9 2023 Steve Madden et salons\" \/>\n<meta property=\"og:description\" content=\"D\u00e9couvrez la nouvelle collection Printemps-\u00c9t\u00e9 2023 Steve Madden \u00e0 l&#039;occasion des salons professionnels 2022\" \/>\n<meta property=\"og:url\" content=\"https:\/\/www.bbidistributions.com\/es\/nouvelle-collection-steve-madden-printemps-ete-2023-et-salons\/\" \/>\n<meta property=\"og:site_name\" content=\"BBI Distributions\" \/>\n<meta property=\"article:published_time\" content=\"2022-09-01T12:27:43+00:00\" \/>\n<meta property=\"og:image\" content=\"https:\/\/mlkclyg2kwdc.i.optimole.com\/w:auto\/h:auto\/q:mauto\/g:sm\/f:best\/ig:avif\/https:\/\/www.bbidistributions.com\/wp-content\/uploads\/2022\/09\/bbi-distributions-nouvelle-collection-printemps-ete-2023-steve-madden-salons-professionnels.jpg\" \/>\n\t<meta property=\"og:image:width\" content=\"1260\" \/>\n\t<meta property=\"og:image:height\" content=\"630\" \/>\n\t<meta property=\"og:image:type\" content=\"image\/jpeg\" \/>\n<meta name=\"author\" content=\"arthurn\" \/>\n<meta name=\"twitter:card\" content=\"summary_large_image\" \/>\n<meta name=\"twitter:label1\" content=\"Escrito por\" \/>\n\t<meta name=\"twitter:data1\" content=\"arthurn\" \/>\n\t<meta name=\"twitter:label2\" content=\"Tiempo de lectura\" \/>\n\t<meta name=\"twitter:data2\" content=\"1 minuto\" \/>\n<script type=\"application\/ld+json\" class=\"yoast-schema-graph\">{\"@context\":\"https:\\\/\\\/schema.org\",\"@graph\":[{\"@type\":\"Article\",\"@id\":\"https:\\\/\\\/www.bbidistributions.com\\\/nouvelle-collection-steve-madden-printemps-ete-2023-et-salons\\\/#article\",\"isPartOf\":{\"@id\":\"https:\\\/\\\/www.bbidistributions.com\\\/nouvelle-collection-steve-madden-printemps-ete-2023-et-salons\\\/\"},\"author\":{\"name\":\"arthurn\",\"@id\":\"https:\\\/\\\/www.bbidistributions.com\\\/#\\\/schema\\\/person\\\/932e934c0f539e9ce527c5a642310835\"},\"headline\":\"Nouvelle collection Steve Madden Printemps-\u00c9t\u00e9 2023 et salons\",\"datePublished\":\"2022-09-01T12:27:43+00:00\",\"mainEntityOfPage\":{\"@id\":\"https:\\\/\\\/www.bbidistributions.com\\\/nouvelle-collection-steve-madden-printemps-ete-2023-et-salons\\\/\"},\"wordCount\":110,\"commentCount\":0,\"publisher\":{\"@id\":\"https:\\\/\\\/www.bbidistributions.com\\\/#organization\"},\"image\":{\"@id\":\"https:\\\/\\\/www.bbidistributions.com\\\/nouvelle-collection-steve-madden-printemps-ete-2023-et-salons\\\/#primaryimage\"},\"thumbnailUrl\":\"https:\\/\\/www.bbidistributions.com\\/wp-content\\/uploads\\/2022\\/09\\/bbi-distributions-nouvelle-collection-printemps-ete-2023-steve-madden-salons-professionnels.jpg\",\"articleSection\":[\"Uncategorized\"],\"inLanguage\":\"es\",\"potentialAction\":[{\"@type\":\"CommentAction\",\"name\":\"Comment\",\"target\":[\"https:\\\/\\\/www.bbidistributions.com\\\/nouvelle-collection-steve-madden-printemps-ete-2023-et-salons\\\/#respond\"]}]},{\"@type\":\"WebPage\",\"@id\":\"https:\\\/\\\/www.bbidistributions.com\\\/nouvelle-collection-steve-madden-printemps-ete-2023-et-salons\\\/\",\"url\":\"https:\\\/\\\/www.bbidistributions.com\\\/nouvelle-collection-steve-madden-printemps-ete-2023-et-salons\\\/\",\"name\":\"Nouvelle collection Printemps-\u00c9t\u00e9 2023 Steve Madden et salons\",\"isPartOf\":{\"@id\":\"https:\\\/\\\/www.bbidistributions.com\\\/#website\"},\"primaryImageOfPage\":{\"@id\":\"https:\\\/\\\/www.bbidistributions.com\\\/nouvelle-collection-steve-madden-printemps-ete-2023-et-salons\\\/#primaryimage\"},\"image\":{\"@id\":\"https:\\\/\\\/www.bbidistributions.com\\\/nouvelle-collection-steve-madden-printemps-ete-2023-et-salons\\\/#primaryimage\"},\"thumbnailUrl\":\"https:\\/\\/www.bbidistributions.com\\/wp-content\\/uploads\\/2022\\/09\\/bbi-distributions-nouvelle-collection-printemps-ete-2023-steve-madden-salons-professionnels.jpg\",\"datePublished\":\"2022-09-01T12:27:43+00:00\",\"description\":\"D\u00e9couvrez la nouvelle collection Printemps-\u00c9t\u00e9 2023 Steve Madden \u00e0 l'occasion des salons professionnels 2022\",\"breadcrumb\":{\"@id\":\"https:\\\/\\\/www.bbidistributions.com\\\/nouvelle-collection-steve-madden-printemps-ete-2023-et-salons\\\/#breadcrumb\"},\"inLanguage\":\"es\",\"potentialAction\":[{\"@type\":\"ReadAction\",\"target\":[\"https:\\\/\\\/www.bbidistributions.com\\\/nouvelle-collection-steve-madden-printemps-ete-2023-et-salons\\\/\"]}]},{\"@type\":\"ImageObject\",\"inLanguage\":\"es\",\"@id\":\"https:\\\/\\\/www.bbidistributions.com\\\/nouvelle-collection-steve-madden-printemps-ete-2023-et-salons\\\/#primaryimage\",\"url\":\"https:\\/\\/www.bbidistributions.com\\/wp-content\\/uploads\\/2022\\/09\\/bbi-distributions-nouvelle-collection-printemps-ete-2023-steve-madden-salons-professionnels.jpg\",\"contentUrl\":\"https:\\/\\/www.bbidistributions.com\\/wp-content\\/uploads\\/2022\\/09\\/bbi-distributions-nouvelle-collection-printemps-ete-2023-steve-madden-salons-professionnels.jpg\",\"width\":1260,\"height\":630,\"caption\":\"Salons professionnels \u00e0 l'occasion de la nouvelle collection Printemps-\u00c9t\u00e9 2023 Steve Madden\"},{\"@type\":\"BreadcrumbList\",\"@id\":\"https:\\\/\\\/www.bbidistributions.com\\\/nouvelle-collection-steve-madden-printemps-ete-2023-et-salons\\\/#breadcrumb\",\"itemListElement\":[{\"@type\":\"ListItem\",\"position\":1,\"name\":\"Accueil\",\"item\":\"https:\\\/\\\/www.bbidistributions.com\\\/\"},{\"@type\":\"ListItem\",\"position\":2,\"name\":\"Nouvelle collection Steve Madden Printemps-\u00c9t\u00e9 2023 et salons\"}]},{\"@type\":\"WebSite\",\"@id\":\"https:\\\/\\\/www.bbidistributions.com\\\/#website\",\"url\":\"https:\\\/\\\/www.bbidistributions.com\\\/\",\"name\":\"BBI Distributions\",\"description\":\"\",\"publisher\":{\"@id\":\"https:\\\/\\\/www.bbidistributions.com\\\/#organization\"},\"potentialAction\":[{\"@type\":\"SearchAction\",\"target\":{\"@type\":\"EntryPoint\",\"urlTemplate\":\"https:\\\/\\\/www.bbidistributions.com\\\/?s={search_term_string}\"},\"query-input\":{\"@type\":\"PropertyValueSpecification\",\"valueRequired\":true,\"valueName\":\"search_term_string\"}}],\"inLanguage\":\"es\"},{\"@type\":\"Organization\",\"@id\":\"https:\\\/\\\/www.bbidistributions.com\\\/#organization\",\"name\":\"BBI Distributions\",\"url\":\"https:\\\/\\\/www.bbidistributions.com\\\/\",\"logo\":{\"@type\":\"ImageObject\",\"inLanguage\":\"es\",\"@id\":\"https:\\\/\\\/www.bbidistributions.com\\\/#\\\/schema\\\/logo\\\/image\\\/\",\"url\":\"https:\\/\\/bbidistributions.com\\/wp-content\\/uploads\\/2022\\/03\\/bbidistributions-facebook-thumb.jpg\",\"contentUrl\":\"https:\\/\\/bbidistributions.com\\/wp-content\\/uploads\\/2022\\/03\\/bbidistributions-facebook-thumb.jpg\",\"width\":1200,\"height\":627,\"caption\":\"BBI Distributions\"},\"image\":{\"@id\":\"https:\\\/\\\/www.bbidistributions.com\\\/#\\\/schema\\\/logo\\\/image\\\/\"}},{\"@type\":\"Person\",\"@id\":\"https:\\\/\\\/www.bbidistributions.com\\\/#\\\/schema\\\/person\\\/932e934c0f539e9ce527c5a642310835\",\"name\":\"arthurn\",\"image\":{\"@type\":\"ImageObject\",\"inLanguage\":\"es\",\"@id\":\"https:\\\/\\\/secure.gravatar.com\\\/avatar\\\/e605ebbc06f5f6eed046c7f53d3d492118355376198029ba8f6a1de272861215?s=96&d=mm&r=g\",\"url\":\"https:\\\/\\\/secure.gravatar.com\\\/avatar\\\/e605ebbc06f5f6eed046c7f53d3d492118355376198029ba8f6a1de272861215?s=96&d=mm&r=g\",\"contentUrl\":\"https:\\\/\\\/secure.gravatar.com\\\/avatar\\\/e605ebbc06f5f6eed046c7f53d3d492118355376198029ba8f6a1de272861215?s=96&d=mm&r=g\",\"caption\":\"arthurn\"},\"sameAs\":[\"https:\\\/\\\/bbidistributions.com\"]}]}<\/script>\n<!-- \/ Yoast SEO plugin. -->","yoast_head_json":{"title":"Nouvelle collection Printemps-\u00c9t\u00e9 2023 Steve Madden et salons","description":"D\u00e9couvrez la nouvelle collection Printemps-\u00c9t\u00e9 2023 Steve Madden \u00e0 l'occasion des salons professionnels 2022","robots":{"index":"index","follow":"follow","max-snippet":"max-snippet:-1","max-image-preview":"max-image-preview:large","max-video-preview":"max-video-preview:-1"},"canonical":"https:\/\/www.bbidistributions.com\/es\/nouvelle-collection-steve-madden-printemps-ete-2023-et-salons\/","og_locale":"es_ES","og_type":"article","og_title":"Nouvelle collection Printemps-\u00c9t\u00e9 2023 Steve Madden et salons","og_description":"D\u00e9couvrez la nouvelle collection Printemps-\u00c9t\u00e9 2023 Steve Madden \u00e0 l'occasion des salons professionnels 2022","og_url":"https:\/\/www.bbidistributions.com\/es\/nouvelle-collection-steve-madden-printemps-ete-2023-et-salons\/","og_site_name":"BBI Distributions","article_published_time":"2022-09-01T12:27:43+00:00","og_image":[{"width":1260,"height":630,"url":"https:\/\/mlkclyg2kwdc.i.optimole.com\/w:auto\/h:auto\/q:mauto\/g:sm\/f:best\/ig:avif\/https:\/\/www.bbidistributions.com\/wp-content\/uploads\/2022\/09\/bbi-distributions-nouvelle-collection-printemps-ete-2023-steve-madden-salons-professionnels.jpg","type":"image\/jpeg"}],"author":"arthurn","twitter_card":"summary_large_image","twitter_misc":{"Escrito por":"arthurn","Tiempo de lectura":"1 minuto"},"schema":{"@context":"https:\/\/schema.org","@graph":[{"@type":"Article","@id":"https:\/\/www.bbidistributions.com\/nouvelle-collection-steve-madden-printemps-ete-2023-et-salons\/#article","isPartOf":{"@id":"https:\/\/www.bbidistributions.com\/nouvelle-collection-steve-madden-printemps-ete-2023-et-salons\/"},"author":{"name":"arthurn","@id":"https:\/\/www.bbidistributions.com\/#\/schema\/person\/932e934c0f539e9ce527c5a642310835"},"headline":"Nouvelle collection Steve Madden Printemps-\u00c9t\u00e9 2023 et salons","datePublished":"2022-09-01T12:27:43+00:00","mainEntityOfPage":{"@id":"https:\/\/www.bbidistributions.com\/nouvelle-collection-steve-madden-printemps-ete-2023-et-salons\/"},"wordCount":110,"commentCount":0,"publisher":{"@id":"https:\/\/www.bbidistributions.com\/#organization"},"image":{"@id":"https:\/\/www.bbidistributions.com\/nouvelle-collection-steve-madden-printemps-ete-2023-et-salons\/#primaryimage"},"thumbnailUrl":"https:\/\/mlkclyg2kwdc.i.optimole.com\/w:auto\/h:auto\/q:mauto\/g:sm\/f:best\/ig:avif\/https:\/\/www.bbidistributions.com\/wp-content\/uploads\/2022\/09\/bbi-distributions-nouvelle-collection-printemps-ete-2023-steve-madden-salons-professionnels.jpg","articleSection":["Uncategorized"],"inLanguage":"es","potentialAction":[{"@type":"CommentAction","name":"Comment","target":["https:\/\/www.bbidistributions.com\/nouvelle-collection-steve-madden-printemps-ete-2023-et-salons\/#respond"]}]},{"@type":"WebPage","@id":"https:\/\/www.bbidistributions.com\/nouvelle-collection-steve-madden-printemps-ete-2023-et-salons\/","url":"https:\/\/www.bbidistributions.com\/nouvelle-collection-steve-madden-printemps-ete-2023-et-salons\/","name":"Nouvelle collection Printemps-\u00c9t\u00e9 2023 Steve Madden et salons","isPartOf":{"@id":"https:\/\/www.bbidistributions.com\/#website"},"primaryImageOfPage":{"@id":"https:\/\/www.bbidistributions.com\/nouvelle-collection-steve-madden-printemps-ete-2023-et-salons\/#primaryimage"},"image":{"@id":"https:\/\/www.bbidistributions.com\/nouvelle-collection-steve-madden-printemps-ete-2023-et-salons\/#primaryimage"},"thumbnailUrl":"https:\/\/mlkclyg2kwdc.i.optimole.com\/w:auto\/h:auto\/q:mauto\/g:sm\/f:best\/ig:avif\/https:\/\/www.bbidistributions.com\/wp-content\/uploads\/2022\/09\/bbi-distributions-nouvelle-collection-printemps-ete-2023-steve-madden-salons-professionnels.jpg","datePublished":"2022-09-01T12:27:43+00:00","description":"D\u00e9couvrez la nouvelle collection Printemps-\u00c9t\u00e9 2023 Steve Madden \u00e0 l'occasion des salons professionnels 2022","breadcrumb":{"@id":"https:\/\/www.bbidistributions.com\/nouvelle-collection-steve-madden-printemps-ete-2023-et-salons\/#breadcrumb"},"inLanguage":"es","potentialAction":[{"@type":"ReadAction","target":["https:\/\/www.bbidistributions.com\/nouvelle-collection-steve-madden-printemps-ete-2023-et-salons\/"]}]},{"@type":"ImageObject","inLanguage":"es","@id":"https:\/\/www.bbidistributions.com\/nouvelle-collection-steve-madden-printemps-ete-2023-et-salons\/#primaryimage","url":"https:\/\/mlkclyg2kwdc.i.optimole.com\/w:auto\/h:auto\/q:mauto\/g:sm\/f:best\/ig:avif\/https:\/\/www.bbidistributions.com\/wp-content\/uploads\/2022\/09\/bbi-distributions-nouvelle-collection-printemps-ete-2023-steve-madden-salons-professionnels.jpg","contentUrl":"https:\/\/mlkclyg2kwdc.i.optimole.com\/w:auto\/h:auto\/q:mauto\/g:sm\/f:best\/ig:avif\/https:\/\/www.bbidistributions.com\/wp-content\/uploads\/2022\/09\/bbi-distributions-nouvelle-collection-printemps-ete-2023-steve-madden-salons-professionnels.jpg","width":1260,"height":630,"caption":"Salons professionnels \u00e0 l'occasion de la nouvelle collection Printemps-\u00c9t\u00e9 2023 Steve Madden"},{"@type":"BreadcrumbList","@id":"https:\/\/www.bbidistributions.com\/nouvelle-collection-steve-madden-printemps-ete-2023-et-salons\/#breadcrumb","itemListElement":[{"@type":"ListItem","position":1,"name":"Accueil","item":"https:\/\/www.bbidistributions.com\/"},{"@type":"ListItem","position":2,"name":"Nouvelle collection Steve Madden Printemps-\u00c9t\u00e9 2023 et salons"}]},{"@type":"WebSite","@id":"https:\/\/www.bbidistributions.com\/#website","url":"https:\/\/www.bbidistributions.com\/","name":"BBI Distributions","description":"","publisher":{"@id":"https:\/\/www.bbidistributions.com\/#organization"},"potentialAction":[{"@type":"SearchAction","target":{"@type":"EntryPoint","urlTemplate":"https:\/\/www.bbidistributions.com\/?s={search_term_string}"},"query-input":{"@type":"PropertyValueSpecification","valueRequired":true,"valueName":"search_term_string"}}],"inLanguage":"es"},{"@type":"Organization","@id":"https:\/\/www.bbidistributions.com\/#organization","name":"BBI Distributions","url":"https:\/\/www.bbidistributions.com\/","logo":{"@type":"ImageObject","inLanguage":"es","@id":"https:\/\/www.bbidistributions.com\/#\/schema\/logo\/image\/","url":"https:\/\/mlkclyg2kwdc.i.optimole.com\/w:auto\/h:auto\/q:mauto\/g:sm\/f:best\/ig:avif\/https:\/\/bbidistributions.com\/wp-content\/uploads\/2022\/03\/bbidistributions-facebook-thumb.jpg","contentUrl":"https:\/\/mlkclyg2kwdc.i.optimole.com\/w:auto\/h:auto\/q:mauto\/g:sm\/f:best\/ig:avif\/https:\/\/bbidistributions.com\/wp-content\/uploads\/2022\/03\/bbidistributions-facebook-thumb.jpg","width":1200,"height":627,"caption":"BBI Distributions"},"image":{"@id":"https:\/\/www.bbidistributions.com\/#\/schema\/logo\/image\/"}},{"@type":"Person","@id":"https:\/\/www.bbidistributions.com\/#\/schema\/person\/932e934c0f539e9ce527c5a642310835","name":"arthurn","image":{"@type":"ImageObject","inLanguage":"es","@id":"https:\/\/secure.gravatar.com\/avatar\/e605ebbc06f5f6eed046c7f53d3d492118355376198029ba8f6a1de272861215?s=96&d=mm&r=g","url":"https:\/\/secure.gravatar.com\/avatar\/e605ebbc06f5f6eed046c7f53d3d492118355376198029ba8f6a1de272861215?s=96&d=mm&r=g","contentUrl":"https:\/\/secure.gravatar.com\/avatar\/e605ebbc06f5f6eed046c7f53d3d492118355376198029ba8f6a1de272861215?s=96&d=mm&r=g","caption":"arthurn"},"sameAs":["https:\/\/bbidistributions.com"]}]}},"_links":{"self":[{"href":"https:\/\/www.bbidistributions.com\/es\/wp-json\/wp\/v2\/posts\/365","targetHints":{"allow":["GET"]}}],"collection":[{"href":"https:\/\/www.bbidistributions.com\/es\/wp-json\/wp\/v2\/posts"}],"about":[{"href":"https:\/\/www.bbidistributions.com\/es\/wp-json\/wp\/v2\/types\/post"}],"author":[{"embeddable":true,"href":"https:\/\/www.bbidistributions.com\/es\/wp-json\/wp\/v2\/users\/1"}],"replies":[{"embeddable":true,"href":"https:\/\/www.bbidistributions.com\/es\/wp-json\/wp\/v2\/comments?post=365"}],"version-history":[{"count":0,"href":"https:\/\/www.bbidistributions.com\/es\/wp-json\/wp\/v2\/posts\/365\/revisions"}],"wp:featuredmedia":[{"embeddable":true,"href":"https:\/\/www.bbidistributions.com\/es\/wp-json\/wp\/v2\/media\/366"}],"wp:attachment":[{"href":"https:\/\/www.bbidistributions.com\/es\/wp-json\/wp\/v2\/media?parent=365"}],"wp:term":[{"taxonomy":"category","embeddable":true,"href":"https:\/\/www.bbidistributions.com\/es\/wp-json\/wp\/v2\/categories?post=365"},{"taxonomy":"post_tag","embeddable":true,"href":"https:\/\/www.bbidistributions.com\/es\/wp-json\/wp\/v2\/tags?post=365"}],"curies":[{"name":"wp","href":"https:\/\/api.w.org\/{rel}","templated":true}]}}