{"id":42,"date":"2022-01-17T00:00:00","date_gmt":"2022-01-17T00:00:00","guid":{"rendered":"https:\/\/bbidistributions.com\/2022\/01\/17\/nouvelle-collection-steve-madden-automne-hiver-2022-et-salons\/"},"modified":"2022-03-25T16:02:24","modified_gmt":"2022-03-25T15:02:24","slug":"nouvelle-collection-steve-madden-automne-hiver-2022-et-salons","status":"publish","type":"post","link":"https:\/\/www.bbidistributions.com\/en\/nouvelle-collection-steve-madden-automne-hiver-2022-et-salons\/","title":{"rendered":"New Steve Madden Fall-Winter 2022 collection and shows"},"content":{"rendered":"<p id=\"viewer-5kp2o\" class=\"mm8Nw _1j-51 iWv3d _1FoOD _3M0Fe aujbK iWv3d public-DraftStyleDefault-block-depth0 fixed-tab-size public-DraftStyleDefault-text-ltr\"><span class=\"_2PHJq public-DraftStyleDefault-ltr\">Discover the <strong>Steve Madden new collection<\/strong> Autumn-Winter 2022 at the various shows:<\/span><\/p>\n<ul class=\"public-DraftStyleDefault-ul\">\n<li id=\"viewer-aiuae\" class=\"iWv3d xVLwT _3Kjjs public-DraftStyleDefault-unorderedListItem public-DraftStyleDefault-depth0 public-DraftStyleDefault-list-ltr fixed-tab-size public-DraftStyleDefault-reset _1FoOD _3M0Fe aujbK iWv3d\">\n<p class=\"_1j-51 _1FoOD _3M0Fe aujbK iWv3d\">Who&#039;s Next: January 21 to 24, 2022 (stand H68)<\/p>\n<\/li>\n<li id=\"viewer-b248r\" class=\"iWv3d xVLwT _3Kjjs public-DraftStyleDefault-unorderedListItem public-DraftStyleDefault-depth0 public-DraftStyleDefault-list-ltr fixed-tab-size _1FoOD _3M0Fe aujbK iWv3d\">\n<p class=\"_1j-51 _1FoOD _3M0Fe aujbK iWv3d\">Villefranche-sur-Sa\u00f4ne: from February 27 to March 1, 2022<\/p>\n<\/li>\n<li id=\"viewer-2m63c\" class=\"iWv3d xVLwT _3Kjjs public-DraftStyleDefault-unorderedListItem public-DraftStyleDefault-depth0 public-DraftStyleDefault-list-ltr fixed-tab-size _1FoOD _3M0Fe aujbK iWv3d\">\n<p class=\"_1j-51 _1FoOD _3M0Fe aujbK iWv3d\">SESO Toulouse: from March 6 to 8, 2022<\/p>\n<\/li>\n<li id=\"viewer-16vh7\" class=\"iWv3d xVLwT _3Kjjs public-DraftStyleDefault-unorderedListItem public-DraftStyleDefault-depth0 public-DraftStyleDefault-list-ltr fixed-tab-size _1FoOD _3M0Fe aujbK iWv3d\">\n<p class=\"_1j-51 _1FoOD _3M0Fe aujbK iWv3d\">SESO Rivesaltes: March 10, 2022<\/p>\n<\/li>\n<li id=\"viewer-365hg\" class=\"iWv3d xVLwT _3Kjjs public-DraftStyleDefault-unorderedListItem public-DraftStyleDefault-depth0 public-DraftStyleDefault-list-ltr fixed-tab-size _1FoOD _3M0Fe aujbK iWv3d\">\n<p class=\"_1j-51 _1FoOD _3M0Fe aujbK iWv3d\">Martigues: from March 13 to 14, 2022<\/p>\n<\/li>\n<li id=\"viewer-15gm6\" class=\"iWv3d xVLwT _3Kjjs public-DraftStyleDefault-unorderedListItem public-DraftStyleDefault-depth0 public-DraftStyleDefault-list-ltr fixed-tab-size _1FoOD _3M0Fe aujbK iWv3d\">\n<p class=\"_1j-51 _1FoOD _3M0Fe aujbK iWv3d\">Arici Bordeaux: from March 20 to 21, 2022<\/p>\n<\/li>\n<li id=\"viewer-ta5o\" class=\"iWv3d xVLwT _3Kjjs public-DraftStyleDefault-unorderedListItem public-DraftStyleDefault-depth0 public-DraftStyleDefault-list-ltr fixed-tab-size _1FoOD _3M0Fe aujbK iWv3d\">\n<p class=\"_1j-51 _1FoOD _3M0Fe aujbK iWv3d\">SESO Biarritz: March 24, 2022<\/p>\n<\/li>\n<li id=\"viewer-2mh9c\" class=\"iWv3d xVLwT _3Kjjs public-DraftStyleDefault-unorderedListItem public-DraftStyleDefault-depth0 public-DraftStyleDefault-list-ltr fixed-tab-size _1FoOD _3M0Fe aujbK iWv3d\">\n<p class=\"_1j-51 _1FoOD _3M0Fe aujbK iWv3d\">Crecendo Paris: from March 27 to 29, 2022 (stand D13)<\/p>\n<\/li>\n<\/ul>\n<p id=\"viewer-mfbo\" class=\"mm8Nw _1j-51 iWv3d _1FoOD _3M0Fe aujbK iWv3d public-DraftStyleDefault-block-depth0 fixed-tab-size public-DraftStyleDefault-text-ltr\"><span class=\"_2PHJq public-DraftStyleDefault-ltr\">You are a professional, you want to resell the brand?<\/span><\/p>\n<p id=\"viewer-amv4o\" class=\"mm8Nw _1j-51 iWv3d _1FoOD _3M0Fe aujbK iWv3d public-DraftStyleDefault-block-depth0 fixed-tab-size public-DraftStyleDefault-text-ltr\"><span class=\"_2PHJq public-DraftStyleDefault-ltr\">For any request for information, do not hesitate to contact us by phone at +33 4 91 71 23 29 or by email at <a class=\"_3Bkfb _1lsz7\" href=\"mailto:m.philippon@stevemadden.eu\" target=\"_blank\" rel=\"noopener noreferrer\" data-hook=\"linkViewer\"><u class=\"_3zM-5\">m.philippon@stevemadden.eu<\/u><\/a>.<\/span><\/p>\n<p id=\"viewer-9b4fi\" class=\"mm8Nw _1j-51 iWv3d _1FoOD _3M0Fe aujbK iWv3d public-DraftStyleDefault-block-depth0 fixed-tab-size public-DraftStyleDefault-text-ltr\"><span class=\"_2PHJq public-DraftStyleDefault-ltr\">BBI Distributions<\/span><\/p>","protected":false},"excerpt":{"rendered":"<p>Discover the new Steve Madden Fall-Winter 2022 collection at the various trade shows: Who&#039;s Next: January 21 to 24, 2022 (stand H68) Villefranche-sur-Sa\u00f4ne: February 27 to March 1, 2022 SESO Toulouse: January 6 to March 8, 2022 SESO Rivesaltes: March 10, 2022 Martigues: from 13 to 14 [\u2026]<\/p>","protected":false},"author":1,"featured_media":97,"comment_status":"open","ping_status":"open","sticky":false,"template":"","format":"standard","meta":{"footnotes":""},"categories":[1],"tags":[],"class_list":["post-42","post","type-post","status-publish","format-standard","has-post-thumbnail","hentry","category-uncategorized"],"yoast_head":"<!-- This site is optimized with the Yoast SEO plugin v27.5 - https:\/\/yoast.com\/product\/yoast-seo-wordpress\/ -->\n<title>Nouvelle collection Steve Madden Automne-Hiver 2022 et salons - BBI Distributions<\/title>\n<meta name=\"robots\" content=\"index, follow, max-snippet:-1, max-image-preview:large, max-video-preview:-1\" \/>\n<link rel=\"canonical\" href=\"https:\/\/www.bbidistributions.com\/en\/nouvelle-collection-steve-madden-automne-hiver-2022-et-salons\/\" \/>\n<meta property=\"og:locale\" content=\"en_GB\" \/>\n<meta property=\"og:type\" content=\"article\" \/>\n<meta property=\"og:title\" content=\"Nouvelle collection Steve Madden Automne-Hiver 2022 et salons - BBI Distributions\" \/>\n<meta property=\"og:description\" content=\"D\u00e9couvrez la nouvelle collection Steve Madden Automne-Hiver 2022 \u00e0 l&rsquo;occasion des diff\u00e9rents salons : Who&rsquo;s Next : du 21 au 24 janvier 2022 (stand H68) Villefranche-sur-Sa\u00f4ne : du 27 f\u00e9vrier au 1er mars 2022 SESO Toulouse : du 6 au 8 mars 2022 SESO Rivesaltes : 10 mars 2022 Martigues : du 13 au 14 [&hellip;]\" \/>\n<meta property=\"og:url\" content=\"https:\/\/www.bbidistributions.com\/en\/nouvelle-collection-steve-madden-automne-hiver-2022-et-salons\/\" \/>\n<meta property=\"og:site_name\" content=\"BBI Distributions\" \/>\n<meta property=\"article:published_time\" content=\"2022-01-17T00:00:00+00:00\" \/>\n<meta property=\"article:modified_time\" content=\"2022-03-25T15:02:24+00:00\" \/>\n<meta property=\"og:image\" content=\"https:\/\/mlkclyg2kwdc.i.optimole.com\/w:auto\/h:auto\/q:mauto\/g:sm\/f:best\/ig:avif\/https:\/\/www.bbidistributions.com\/wp-content\/uploads\/2022\/03\/071902_db4fcf3eee6241bc8cae79a27b4eb26amv2.jpg\" \/>\n\t<meta property=\"og:image:width\" content=\"1200\" \/>\n\t<meta property=\"og:image:height\" content=\"600\" \/>\n\t<meta property=\"og:image:type\" content=\"image\/jpeg\" \/>\n<meta name=\"author\" content=\"arthurn\" \/>\n<meta name=\"twitter:card\" content=\"summary_large_image\" \/>\n<meta name=\"twitter:label1\" content=\"Written by\" \/>\n\t<meta name=\"twitter:data1\" content=\"arthurn\" \/>\n<script type=\"application\/ld+json\" class=\"yoast-schema-graph\">{\"@context\":\"https:\\\/\\\/schema.org\",\"@graph\":[{\"@type\":\"Article\",\"@id\":\"https:\\\/\\\/www.bbidistributions.com\\\/nouvelle-collection-steve-madden-automne-hiver-2022-et-salons\\\/#article\",\"isPartOf\":{\"@id\":\"https:\\\/\\\/www.bbidistributions.com\\\/nouvelle-collection-steve-madden-automne-hiver-2022-et-salons\\\/\"},\"author\":{\"name\":\"arthurn\",\"@id\":\"https:\\\/\\\/www.bbidistributions.com\\\/#\\\/schema\\\/person\\\/932e934c0f539e9ce527c5a642310835\"},\"headline\":\"Nouvelle collection Steve Madden Automne-Hiver 2022 et salons\",\"datePublished\":\"2022-01-17T00:00:00+00:00\",\"dateModified\":\"2022-03-25T15:02:24+00:00\",\"mainEntityOfPage\":{\"@id\":\"https:\\\/\\\/www.bbidistributions.com\\\/nouvelle-collection-steve-madden-automne-hiver-2022-et-salons\\\/\"},\"wordCount\":96,\"commentCount\":0,\"publisher\":{\"@id\":\"https:\\\/\\\/www.bbidistributions.com\\\/#organization\"},\"image\":{\"@id\":\"https:\\\/\\\/www.bbidistributions.com\\\/nouvelle-collection-steve-madden-automne-hiver-2022-et-salons\\\/#primaryimage\"},\"thumbnailUrl\":\"https:\\/\\/www.bbidistributions.com\\/wp-content\\/uploads\\/2022\\/03\\/071902_db4fcf3eee6241bc8cae79a27b4eb26amv2.jpg\",\"articleSection\":[\"Uncategorized\"],\"inLanguage\":\"en-GB\",\"potentialAction\":[{\"@type\":\"CommentAction\",\"name\":\"Comment\",\"target\":[\"https:\\\/\\\/www.bbidistributions.com\\\/nouvelle-collection-steve-madden-automne-hiver-2022-et-salons\\\/#respond\"]}]},{\"@type\":\"WebPage\",\"@id\":\"https:\\\/\\\/www.bbidistributions.com\\\/nouvelle-collection-steve-madden-automne-hiver-2022-et-salons\\\/\",\"url\":\"https:\\\/\\\/www.bbidistributions.com\\\/nouvelle-collection-steve-madden-automne-hiver-2022-et-salons\\\/\",\"name\":\"Nouvelle collection Steve Madden Automne-Hiver 2022 et salons - BBI Distributions\",\"isPartOf\":{\"@id\":\"https:\\\/\\\/www.bbidistributions.com\\\/#website\"},\"primaryImageOfPage\":{\"@id\":\"https:\\\/\\\/www.bbidistributions.com\\\/nouvelle-collection-steve-madden-automne-hiver-2022-et-salons\\\/#primaryimage\"},\"image\":{\"@id\":\"https:\\\/\\\/www.bbidistributions.com\\\/nouvelle-collection-steve-madden-automne-hiver-2022-et-salons\\\/#primaryimage\"},\"thumbnailUrl\":\"https:\\/\\/www.bbidistributions.com\\/wp-content\\/uploads\\/2022\\/03\\/071902_db4fcf3eee6241bc8cae79a27b4eb26amv2.jpg\",\"datePublished\":\"2022-01-17T00:00:00+00:00\",\"dateModified\":\"2022-03-25T15:02:24+00:00\",\"breadcrumb\":{\"@id\":\"https:\\\/\\\/www.bbidistributions.com\\\/nouvelle-collection-steve-madden-automne-hiver-2022-et-salons\\\/#breadcrumb\"},\"inLanguage\":\"en-GB\",\"potentialAction\":[{\"@type\":\"ReadAction\",\"target\":[\"https:\\\/\\\/www.bbidistributions.com\\\/nouvelle-collection-steve-madden-automne-hiver-2022-et-salons\\\/\"]}]},{\"@type\":\"ImageObject\",\"inLanguage\":\"en-GB\",\"@id\":\"https:\\\/\\\/www.bbidistributions.com\\\/nouvelle-collection-steve-madden-automne-hiver-2022-et-salons\\\/#primaryimage\",\"url\":\"https:\\/\\/www.bbidistributions.com\\/wp-content\\/uploads\\/2022\\/03\\/071902_db4fcf3eee6241bc8cae79a27b4eb26amv2.jpg\",\"contentUrl\":\"https:\\/\\/www.bbidistributions.com\\/wp-content\\/uploads\\/2022\\/03\\/071902_db4fcf3eee6241bc8cae79a27b4eb26amv2.jpg\",\"width\":1200,\"height\":600},{\"@type\":\"BreadcrumbList\",\"@id\":\"https:\\\/\\\/www.bbidistributions.com\\\/nouvelle-collection-steve-madden-automne-hiver-2022-et-salons\\\/#breadcrumb\",\"itemListElement\":[{\"@type\":\"ListItem\",\"position\":1,\"name\":\"Accueil\",\"item\":\"https:\\\/\\\/www.bbidistributions.com\\\/\"},{\"@type\":\"ListItem\",\"position\":2,\"name\":\"Nouvelle collection Steve Madden Automne-Hiver 2022 et salons\"}]},{\"@type\":\"WebSite\",\"@id\":\"https:\\\/\\\/www.bbidistributions.com\\\/#website\",\"url\":\"https:\\\/\\\/www.bbidistributions.com\\\/\",\"name\":\"BBI Distributions\",\"description\":\"\",\"publisher\":{\"@id\":\"https:\\\/\\\/www.bbidistributions.com\\\/#organization\"},\"potentialAction\":[{\"@type\":\"SearchAction\",\"target\":{\"@type\":\"EntryPoint\",\"urlTemplate\":\"https:\\\/\\\/www.bbidistributions.com\\\/?s={search_term_string}\"},\"query-input\":{\"@type\":\"PropertyValueSpecification\",\"valueRequired\":true,\"valueName\":\"search_term_string\"}}],\"inLanguage\":\"en-GB\"},{\"@type\":\"Organization\",\"@id\":\"https:\\\/\\\/www.bbidistributions.com\\\/#organization\",\"name\":\"BBI Distributions\",\"url\":\"https:\\\/\\\/www.bbidistributions.com\\\/\",\"logo\":{\"@type\":\"ImageObject\",\"inLanguage\":\"en-GB\",\"@id\":\"https:\\\/\\\/www.bbidistributions.com\\\/#\\\/schema\\\/logo\\\/image\\\/\",\"url\":\"https:\\/\\/bbidistributions.com\\/wp-content\\/uploads\\/2022\\/03\\/bbidistributions-facebook-thumb.jpg\",\"contentUrl\":\"https:\\/\\/bbidistributions.com\\/wp-content\\/uploads\\/2022\\/03\\/bbidistributions-facebook-thumb.jpg\",\"width\":1200,\"height\":627,\"caption\":\"BBI Distributions\"},\"image\":{\"@id\":\"https:\\\/\\\/www.bbidistributions.com\\\/#\\\/schema\\\/logo\\\/image\\\/\"}},{\"@type\":\"Person\",\"@id\":\"https:\\\/\\\/www.bbidistributions.com\\\/#\\\/schema\\\/person\\\/932e934c0f539e9ce527c5a642310835\",\"name\":\"arthurn\",\"image\":{\"@type\":\"ImageObject\",\"inLanguage\":\"en-GB\",\"@id\":\"https:\\\/\\\/secure.gravatar.com\\\/avatar\\\/e605ebbc06f5f6eed046c7f53d3d492118355376198029ba8f6a1de272861215?s=96&d=mm&r=g\",\"url\":\"https:\\\/\\\/secure.gravatar.com\\\/avatar\\\/e605ebbc06f5f6eed046c7f53d3d492118355376198029ba8f6a1de272861215?s=96&d=mm&r=g\",\"contentUrl\":\"https:\\\/\\\/secure.gravatar.com\\\/avatar\\\/e605ebbc06f5f6eed046c7f53d3d492118355376198029ba8f6a1de272861215?s=96&d=mm&r=g\",\"caption\":\"arthurn\"},\"sameAs\":[\"https:\\\/\\\/bbidistributions.com\"]}]}<\/script>\n<!-- \/ Yoast SEO plugin. -->","yoast_head_json":{"title":"Nouvelle collection Steve Madden Automne-Hiver 2022 et salons - BBI Distributions","robots":{"index":"index","follow":"follow","max-snippet":"max-snippet:-1","max-image-preview":"max-image-preview:large","max-video-preview":"max-video-preview:-1"},"canonical":"https:\/\/www.bbidistributions.com\/en\/nouvelle-collection-steve-madden-automne-hiver-2022-et-salons\/","og_locale":"en_GB","og_type":"article","og_title":"Nouvelle collection Steve Madden Automne-Hiver 2022 et salons - BBI Distributions","og_description":"D\u00e9couvrez la nouvelle collection Steve Madden Automne-Hiver 2022 \u00e0 l&rsquo;occasion des diff\u00e9rents salons : Who&rsquo;s Next : du 21 au 24 janvier 2022 (stand H68) Villefranche-sur-Sa\u00f4ne : du 27 f\u00e9vrier au 1er mars 2022 SESO Toulouse : du 6 au 8 mars 2022 SESO Rivesaltes : 10 mars 2022 Martigues : du 13 au 14 [&hellip;]","og_url":"https:\/\/www.bbidistributions.com\/en\/nouvelle-collection-steve-madden-automne-hiver-2022-et-salons\/","og_site_name":"BBI Distributions","article_published_time":"2022-01-17T00:00:00+00:00","article_modified_time":"2022-03-25T15:02:24+00:00","og_image":[{"width":1200,"height":600,"url":"https:\/\/mlkclyg2kwdc.i.optimole.com\/w:auto\/h:auto\/q:mauto\/g:sm\/f:best\/ig:avif\/https:\/\/www.bbidistributions.com\/wp-content\/uploads\/2022\/03\/071902_db4fcf3eee6241bc8cae79a27b4eb26amv2.jpg","type":"image\/jpeg"}],"author":"arthurn","twitter_card":"summary_large_image","twitter_misc":{"Written by":"arthurn"},"schema":{"@context":"https:\/\/schema.org","@graph":[{"@type":"Article","@id":"https:\/\/www.bbidistributions.com\/nouvelle-collection-steve-madden-automne-hiver-2022-et-salons\/#article","isPartOf":{"@id":"https:\/\/www.bbidistributions.com\/nouvelle-collection-steve-madden-automne-hiver-2022-et-salons\/"},"author":{"name":"arthurn","@id":"https:\/\/www.bbidistributions.com\/#\/schema\/person\/932e934c0f539e9ce527c5a642310835"},"headline":"Nouvelle collection Steve Madden Automne-Hiver 2022 et salons","datePublished":"2022-01-17T00:00:00+00:00","dateModified":"2022-03-25T15:02:24+00:00","mainEntityOfPage":{"@id":"https:\/\/www.bbidistributions.com\/nouvelle-collection-steve-madden-automne-hiver-2022-et-salons\/"},"wordCount":96,"commentCount":0,"publisher":{"@id":"https:\/\/www.bbidistributions.com\/#organization"},"image":{"@id":"https:\/\/www.bbidistributions.com\/nouvelle-collection-steve-madden-automne-hiver-2022-et-salons\/#primaryimage"},"thumbnailUrl":"https:\/\/mlkclyg2kwdc.i.optimole.com\/w:auto\/h:auto\/q:mauto\/g:sm\/f:best\/ig:avif\/https:\/\/www.bbidistributions.com\/wp-content\/uploads\/2022\/03\/071902_db4fcf3eee6241bc8cae79a27b4eb26amv2.jpg","articleSection":["Uncategorized"],"inLanguage":"en-GB","potentialAction":[{"@type":"CommentAction","name":"Comment","target":["https:\/\/www.bbidistributions.com\/nouvelle-collection-steve-madden-automne-hiver-2022-et-salons\/#respond"]}]},{"@type":"WebPage","@id":"https:\/\/www.bbidistributions.com\/nouvelle-collection-steve-madden-automne-hiver-2022-et-salons\/","url":"https:\/\/www.bbidistributions.com\/nouvelle-collection-steve-madden-automne-hiver-2022-et-salons\/","name":"Nouvelle collection Steve Madden Automne-Hiver 2022 et salons - BBI Distributions","isPartOf":{"@id":"https:\/\/www.bbidistributions.com\/#website"},"primaryImageOfPage":{"@id":"https:\/\/www.bbidistributions.com\/nouvelle-collection-steve-madden-automne-hiver-2022-et-salons\/#primaryimage"},"image":{"@id":"https:\/\/www.bbidistributions.com\/nouvelle-collection-steve-madden-automne-hiver-2022-et-salons\/#primaryimage"},"thumbnailUrl":"https:\/\/mlkclyg2kwdc.i.optimole.com\/w:auto\/h:auto\/q:mauto\/g:sm\/f:best\/ig:avif\/https:\/\/www.bbidistributions.com\/wp-content\/uploads\/2022\/03\/071902_db4fcf3eee6241bc8cae79a27b4eb26amv2.jpg","datePublished":"2022-01-17T00:00:00+00:00","dateModified":"2022-03-25T15:02:24+00:00","breadcrumb":{"@id":"https:\/\/www.bbidistributions.com\/nouvelle-collection-steve-madden-automne-hiver-2022-et-salons\/#breadcrumb"},"inLanguage":"en-GB","potentialAction":[{"@type":"ReadAction","target":["https:\/\/www.bbidistributions.com\/nouvelle-collection-steve-madden-automne-hiver-2022-et-salons\/"]}]},{"@type":"ImageObject","inLanguage":"en-GB","@id":"https:\/\/www.bbidistributions.com\/nouvelle-collection-steve-madden-automne-hiver-2022-et-salons\/#primaryimage","url":"https:\/\/mlkclyg2kwdc.i.optimole.com\/w:auto\/h:auto\/q:mauto\/g:sm\/f:best\/ig:avif\/https:\/\/www.bbidistributions.com\/wp-content\/uploads\/2022\/03\/071902_db4fcf3eee6241bc8cae79a27b4eb26amv2.jpg","contentUrl":"https:\/\/mlkclyg2kwdc.i.optimole.com\/w:auto\/h:auto\/q:mauto\/g:sm\/f:best\/ig:avif\/https:\/\/www.bbidistributions.com\/wp-content\/uploads\/2022\/03\/071902_db4fcf3eee6241bc8cae79a27b4eb26amv2.jpg","width":1200,"height":600},{"@type":"BreadcrumbList","@id":"https:\/\/www.bbidistributions.com\/nouvelle-collection-steve-madden-automne-hiver-2022-et-salons\/#breadcrumb","itemListElement":[{"@type":"ListItem","position":1,"name":"Accueil","item":"https:\/\/www.bbidistributions.com\/"},{"@type":"ListItem","position":2,"name":"Nouvelle collection Steve Madden Automne-Hiver 2022 et salons"}]},{"@type":"WebSite","@id":"https:\/\/www.bbidistributions.com\/#website","url":"https:\/\/www.bbidistributions.com\/","name":"BBI Distributions","description":"","publisher":{"@id":"https:\/\/www.bbidistributions.com\/#organization"},"potentialAction":[{"@type":"SearchAction","target":{"@type":"EntryPoint","urlTemplate":"https:\/\/www.bbidistributions.com\/?s={search_term_string}"},"query-input":{"@type":"PropertyValueSpecification","valueRequired":true,"valueName":"search_term_string"}}],"inLanguage":"en-GB"},{"@type":"Organization","@id":"https:\/\/www.bbidistributions.com\/#organization","name":"BBI Distributions","url":"https:\/\/www.bbidistributions.com\/","logo":{"@type":"ImageObject","inLanguage":"en-GB","@id":"https:\/\/www.bbidistributions.com\/#\/schema\/logo\/image\/","url":"https:\/\/mlkclyg2kwdc.i.optimole.com\/w:auto\/h:auto\/q:mauto\/g:sm\/f:best\/ig:avif\/https:\/\/bbidistributions.com\/wp-content\/uploads\/2022\/03\/bbidistributions-facebook-thumb.jpg","contentUrl":"https:\/\/mlkclyg2kwdc.i.optimole.com\/w:auto\/h:auto\/q:mauto\/g:sm\/f:best\/ig:avif\/https:\/\/bbidistributions.com\/wp-content\/uploads\/2022\/03\/bbidistributions-facebook-thumb.jpg","width":1200,"height":627,"caption":"BBI Distributions"},"image":{"@id":"https:\/\/www.bbidistributions.com\/#\/schema\/logo\/image\/"}},{"@type":"Person","@id":"https:\/\/www.bbidistributions.com\/#\/schema\/person\/932e934c0f539e9ce527c5a642310835","name":"arthurn","image":{"@type":"ImageObject","inLanguage":"en-GB","@id":"https:\/\/secure.gravatar.com\/avatar\/e605ebbc06f5f6eed046c7f53d3d492118355376198029ba8f6a1de272861215?s=96&d=mm&r=g","url":"https:\/\/secure.gravatar.com\/avatar\/e605ebbc06f5f6eed046c7f53d3d492118355376198029ba8f6a1de272861215?s=96&d=mm&r=g","contentUrl":"https:\/\/secure.gravatar.com\/avatar\/e605ebbc06f5f6eed046c7f53d3d492118355376198029ba8f6a1de272861215?s=96&d=mm&r=g","caption":"arthurn"},"sameAs":["https:\/\/bbidistributions.com"]}]}},"_links":{"self":[{"href":"https:\/\/www.bbidistributions.com\/en\/wp-json\/wp\/v2\/posts\/42","targetHints":{"allow":["GET"]}}],"collection":[{"href":"https:\/\/www.bbidistributions.com\/en\/wp-json\/wp\/v2\/posts"}],"about":[{"href":"https:\/\/www.bbidistributions.com\/en\/wp-json\/wp\/v2\/types\/post"}],"author":[{"embeddable":true,"href":"https:\/\/www.bbidistributions.com\/en\/wp-json\/wp\/v2\/users\/1"}],"replies":[{"embeddable":true,"href":"https:\/\/www.bbidistributions.com\/en\/wp-json\/wp\/v2\/comments?post=42"}],"version-history":[{"count":0,"href":"https:\/\/www.bbidistributions.com\/en\/wp-json\/wp\/v2\/posts\/42\/revisions"}],"wp:featuredmedia":[{"embeddable":true,"href":"https:\/\/www.bbidistributions.com\/en\/wp-json\/wp\/v2\/media\/97"}],"wp:attachment":[{"href":"https:\/\/www.bbidistributions.com\/en\/wp-json\/wp\/v2\/media?parent=42"}],"wp:term":[{"taxonomy":"category","embeddable":true,"href":"https:\/\/www.bbidistributions.com\/en\/wp-json\/wp\/v2\/categories?post=42"},{"taxonomy":"post_tag","embeddable":true,"href":"https:\/\/www.bbidistributions.com\/en\/wp-json\/wp\/v2\/tags?post=42"}],"curies":[{"name":"wp","href":"https:\/\/api.w.org\/{rel}","templated":true}]}}